{"id":5951,"date":"2018-04-28T21:45:24","date_gmt":"2018-04-28T21:45:24","guid":{"rendered":"https:\/\/www.salvatorianas.org.br\/blog\/?p=5951"},"modified":"2018-05-21T10:19:44","modified_gmt":"2018-05-21T10:19:44","slug":"primeiro-dia-do-congresso-da-familia-salvatoriana","status":"publish","type":"post","link":"https:\/\/www.salvatorianas.org.br\/blog\/primeiro-dia-do-congresso-da-familia-salvatoriana\/","title":{"rendered":"1\u00ba dia do Congresso da Fam\u00edlia Salvatoriana"},"content":{"rendered":"<p>O Primeiro Congresso da Fam\u00edlia Salvatoriana no Brasil, teve seu in\u00edcio no dia 28 de abril, na casa de encontros Mari\u00e1polis, em Vargem Grande Paulista, S\u00e3o Paulo, motivado pelo tema: Padre Jordan, ap\u00f3stolo fiel de Jesus Salvador. Compostos de padres, irm\u00e3os, irm\u00e3s e leigos, o encontro faz parte das comemora\u00e7\u00f5es do centen\u00e1rio de morte do fundador da Fam\u00edlia Salvatoriana, Padre Francisco Maria da Cruz Jordan, e conta com a presen\u00e7a de salvatorianos e salvatorianas de todos os cantos do pa\u00eds.<\/p>\n<p>A acolhida foi feita pela presidente da CIS (Colabora\u00e7\u00e3o Inter Salvatoriana) Irm\u00e3 Eny Xavier. Estavam presentes o superior geral dos salvatorianos, Pe. Milton Zonta, a vice coordenadora geral das Irm\u00e3s Salvatorianas, Ir. Maria Yaneth Moreno; al\u00e9m dos coordenadores das prov\u00edncias do Brasil e da dire\u00e7\u00e3o geral dos leigos no Brasil.<\/p>\n<p>Com o objetivo de fazer uma an\u00e1lise da caminhada no Brasil, este primeiro dia foi assessorado pela Irm\u00e3 Dulcelene Ceccato, da Prov\u00edncia de Santa Catarina, que nos introduziu numa an\u00e1lise da caminhada de cada ramo da Fam\u00edlia Salvatoriana at\u00e9 a atualidade. A partir da inspira\u00e7\u00e3o do fundador Pe. Jordan, que sonhou com uma obra em sa\u00edda, motivou os presentes a continuar como Fam\u00edlia Salvatoriana esse projeto, numa \u201cigreja em sa\u00edda\u201d, vivendo apostolicamente.<\/p>\n<p>Em seguida, a vice geral das Salvatorianas, Irm\u00e3 Maria Yaneth Moreno, fez uma explana\u00e7\u00e3o do trabalho desenvolvido pela Fam\u00edlia Salvatoriana no mundo referente a Justi\u00e7a, Paz e Integridade da Cria\u00e7\u00e3o, enaltecendo o espirito de solidariedade do carisma salvatoriano.<\/p>\n<p>&nbsp;<\/p>\n<p style=\"text-align: center;\"><strong>\u00a0Confer\u00eancia da Ir. Dulcelene Ceccto, SDS &gt; Da S.A.I \u2013 uma \u201cobra em sa\u00edda\u201d \u2013 para Fam\u00edlia Salvatoriana hoje em uma \u201cIgreja em sa\u00edda\u201d<\/strong><\/p>\n<p><iframe loading=\"lazy\" width=\"500\" height=\"281\" src=\"https:\/\/www.youtube.com\/embed\/z7pXjXVQacc?start=5&#038;feature=oembed\" frameborder=\"0\" allow=\"autoplay; encrypted-media\" allowfullscreen><\/iframe><\/p>\n<p>&nbsp;<\/p>\n<p><img decoding=\"async\" src=\"https:\/\/scontent.fcgh2-1.fna.fbcdn.net\/v\/t31.0-8\/30425176_1017049928433719_491600329613046362_o.jpg?_nc_cat=0&amp;oh=a3c75195fdcabaf7fe7e925d4628288d&amp;oe=5B56C28F\" alt=\"A imagem pode conter: 1 pessoa, sentado e \u00c3\u00a1rea interna\" \/><\/p>\n<p>&nbsp;<\/p>\n<p><img decoding=\"async\" src=\"https:\/\/scontent.fcgh2-1.fna.fbcdn.net\/v\/t31.0-8\/30425781_1017049535100425_1585047706819917758_o.jpg?_nc_cat=0&amp;oh=019bd1e8316d28ac54633415bf5995e4&amp;oe=5B54EB6B\" alt=\"A imagem pode conter: 5 pessoas, pessoas em p\u00c3\u00a9\" \/><\/p>\n<p>&nbsp;<\/p>\n<p><img decoding=\"async\" src=\"https:\/\/scontent.fcgh2-1.fna.fbcdn.net\/v\/t31.0-8\/30171524_1017049815100397_6823059387710292622_o.jpg?_nc_cat=0&amp;oh=fe35805a26d14ab68156de499ac68b61&amp;oe=5B9AD359\" alt=\"A imagem pode conter: 6 pessoas, pessoas sorrindo, pessoas em p\u00c3\u00a9\" \/><\/p>\n<p>&nbsp;<\/p>\n<p><img decoding=\"async\" src=\"https:\/\/scontent.fcgh2-1.fna.fbcdn.net\/v\/t31.0-8\/30171839_1017049661767079_8385413259079109827_o.jpg?_nc_cat=0&amp;oh=e953bb1f0a97ac05ad81626362b79f60&amp;oe=5B5DF581\" alt=\"A imagem pode conter: 1 pessoa, em p\u00c3\u00a9\" \/><\/p>\n<p>&nbsp;<\/p>\n<p>&nbsp;<\/p>\n<p><img decoding=\"async\" src=\"https:\/\/scontent.fcgh2-1.fna.fbcdn.net\/v\/t31.0-8\/30171206_1017049831767062_3819633862615915313_o.jpg?_nc_cat=0&amp;oh=603febe26fa77ada953a907e345f76b2&amp;oe=5B60EC7E\" alt=\"A imagem pode conter: 2 pessoas\" \/><\/p>\n<p>&nbsp;<\/p>\n<p>&nbsp;<\/p>\n<p><img decoding=\"async\" src=\"https:\/\/scontent.fcgh2-1.fna.fbcdn.net\/v\/t31.0-8\/30171057_1017050015100377_4679879692764595082_o.jpg?_nc_cat=0&amp;oh=3291984bd8fa981504b3e393a8e708dc&amp;oe=5B5F3DDE\" alt=\"A imagem pode conter: 4 pessoas, pessoas sorrindo\" \/><\/p>\n<p>&nbsp;<\/p>\n<p>Confira o \u00e1lbum de fotos em:\u00a0<a href=\"https:\/\/goo.gl\/mnnF55\">https:\/\/goo.gl\/mnnF55<\/a><\/p>\n<p>&nbsp;<\/p>\n<p>&nbsp;<\/p>\n","protected":false},"excerpt":{"rendered":"<p>O Primeiro Congresso da Fam\u00edlia Salvatoriana no Brasil, teve seu in\u00edcio no dia 28 de abril, na casa de encontros Mari\u00e1polis, em Vargem Grande Paulista, S\u00e3o Paulo, motivado pelo tema: Padre Jordan, ap\u00f3stolo&#8230;<\/p>\n","protected":false},"author":2,"featured_media":5952,"comment_status":"open","ping_status":"open","sticky":false,"template":"","format":"standard","meta":[],"categories":[25,1],"tags":[30,29],"_links":{"self":[{"href":"https:\/\/www.salvatorianas.org.br\/blog\/wp-json\/wp\/v2\/posts\/5951"}],"collection":[{"href":"https:\/\/www.salvatorianas.org.br\/blog\/wp-json\/wp\/v2\/posts"}],"about":[{"href":"https:\/\/www.salvatorianas.org.br\/blog\/wp-json\/wp\/v2\/types\/post"}],"author":[{"embeddable":true,"href":"https:\/\/www.salvatorianas.org.br\/blog\/wp-json\/wp\/v2\/users\/2"}],"replies":[{"embeddable":true,"href":"https:\/\/www.salvatorianas.org.br\/blog\/wp-json\/wp\/v2\/comments?post=5951"}],"version-history":[{"count":7,"href":"https:\/\/www.salvatorianas.org.br\/blog\/wp-json\/wp\/v2\/posts\/5951\/revisions"}],"predecessor-version":[{"id":6123,"href":"https:\/\/www.salvatorianas.org.br\/blog\/wp-json\/wp\/v2\/posts\/5951\/revisions\/6123"}],"wp:featuredmedia":[{"embeddable":true,"href":"https:\/\/www.salvatorianas.org.br\/blog\/wp-json\/wp\/v2\/media\/5952"}],"wp:attachment":[{"href":"https:\/\/www.salvatorianas.org.br\/blog\/wp-json\/wp\/v2\/media?parent=5951"}],"wp:term":[{"taxonomy":"category","embeddable":true,"href":"https:\/\/www.salvatorianas.org.br\/blog\/wp-json\/wp\/v2\/categories?post=5951"},{"taxonomy":"post_tag","embeddable":true,"href":"https:\/\/www.salvatorianas.org.br\/blog\/wp-json\/wp\/v2\/tags?post=5951"}],"curies":[{"name":"wp","href":"https:\/\/api.w.org\/{rel}","templated":true}]}}