{"id":5699,"date":"2018-03-07T14:35:48","date_gmt":"2018-03-07T14:35:48","guid":{"rendered":"https:\/\/www.salvatorianas.org.br\/blog\/?p=5699"},"modified":"2018-05-21T10:46:14","modified_gmt":"2018-05-21T10:46:14","slug":"convivio-vocacional-salvatoriano-2","status":"publish","type":"post","link":"https:\/\/www.salvatorianas.org.br\/blog\/convivio-vocacional-salvatoriano-2\/","title":{"rendered":"Conv\u00edvio Vocacional Salvatoriano"},"content":{"rendered":"<p>Conv\u00edvio Vocacional, forma\u00e7\u00e3o e partilha na Comunidade Padre Jordan &#8211; S\u00e3o Jos\u00e9 dos Pinhais\/PR.<br \/>\n<span class=\"_47e3 _5mfr\" title=\"Emoticon smile\"><img decoding=\"async\" loading=\"lazy\" class=\"img\" role=\"presentation\" src=\"https:\/\/static.xx.fbcdn.net\/images\/emoji.php\/v9\/fa5\/1.5\/16\/1f642.png\" alt=\"\" width=\"16\" height=\"16\" \/>\u00a0<\/span><a class=\"_58cn\" href=\"https:\/\/www.facebook.com\/hashtag\/conv%C3%ADviovocacional2018?source=feed_text\" data-ft=\"{&quot;tn&quot;:&quot;*N&quot;,&quot;type&quot;:104}\"><span class=\"_5afx\"><span class=\"_58cl _5afz\" aria-label=\"hashtag\">#<\/span><span class=\"_58cm\">Conv\u00edvioVocacional2018<\/span><\/span><\/a><\/p>\n<p>&nbsp;<\/p>\n<p><img decoding=\"async\" src=\"https:\/\/scontent.ffln1-1.fna.fbcdn.net\/v\/t31.0-8\/28698542_1971605039759068_5688202699739496442_o.jpg?_nc_cat=0&amp;oh=5badaa64f4234e3acd9eb99fcd5c07ba&amp;oe=5B612D94\" alt=\"A imagem pode conter: 6 pessoas, pessoas sorrindo, pessoas sentadas\" \/><\/p>\n<p>&nbsp;<\/p>\n<p><img decoding=\"async\" src=\"https:\/\/scontent.ffln1-1.fna.fbcdn.net\/v\/t31.0-8\/28617060_1971605229759049_6507489504760880423_o.jpg?_nc_cat=0&amp;oh=d36a92f51be51529dba77413954803ac&amp;oe=5B574AE9\" alt=\"A imagem pode conter: 7 pessoas, pessoas sorrindo, pessoas sentadas\" \/><\/p>\n<p>&nbsp;<\/p>\n<p><img decoding=\"async\" src=\"https:\/\/scontent.ffln1-1.fna.fbcdn.net\/v\/t31.0-8\/28698961_1971605243092381_1678411053318082061_o.jpg?_nc_cat=0&amp;oh=dc89d9534e8da004c065bf4514b36fc0&amp;oe=5B5DE311\" alt=\"A imagem pode conter: 13 pessoas, pessoas sorrindo, pessoas sentadas, \u00c3\u00a1rvore, grama, atividades ao ar livre e natureza\" \/><\/p>\n<p>&nbsp;<\/p>\n<p><img decoding=\"async\" src=\"https:\/\/scontent.ffln1-1.fna.fbcdn.net\/v\/t31.0-8\/28516712_1971605049759067_856044870989794975_o.jpg?_nc_cat=0&amp;oh=84a20869d94bcd98831eff401a52517f&amp;oe=5B5868FF\" alt=\"A imagem pode conter: 14 pessoas, pessoas sorrindo, atividades ao ar livre e natureza\" \/><\/p>\n<p>&nbsp;<\/p>\n<p>&nbsp;<\/p>\n","protected":false},"excerpt":{"rendered":"<p>Conv\u00edvio Vocacional, forma\u00e7\u00e3o e partilha na Comunidade Padre Jordan &#8211; S\u00e3o Jos\u00e9 dos Pinhais\/PR. \u00a0#Conv\u00edvioVocacional2018 &nbsp; &nbsp; &nbsp; &nbsp; &nbsp; &nbsp;<\/p>\n","protected":false},"author":2,"featured_media":5700,"comment_status":"open","ping_status":"open","sticky":false,"template":"","format":"standard","meta":[],"categories":[28],"tags":[32],"_links":{"self":[{"href":"https:\/\/www.salvatorianas.org.br\/blog\/wp-json\/wp\/v2\/posts\/5699"}],"collection":[{"href":"https:\/\/www.salvatorianas.org.br\/blog\/wp-json\/wp\/v2\/posts"}],"about":[{"href":"https:\/\/www.salvatorianas.org.br\/blog\/wp-json\/wp\/v2\/types\/post"}],"author":[{"embeddable":true,"href":"https:\/\/www.salvatorianas.org.br\/blog\/wp-json\/wp\/v2\/users\/2"}],"replies":[{"embeddable":true,"href":"https:\/\/www.salvatorianas.org.br\/blog\/wp-json\/wp\/v2\/comments?post=5699"}],"version-history":[{"count":1,"href":"https:\/\/www.salvatorianas.org.br\/blog\/wp-json\/wp\/v2\/posts\/5699\/revisions"}],"predecessor-version":[{"id":5701,"href":"https:\/\/www.salvatorianas.org.br\/blog\/wp-json\/wp\/v2\/posts\/5699\/revisions\/5701"}],"wp:featuredmedia":[{"embeddable":true,"href":"https:\/\/www.salvatorianas.org.br\/blog\/wp-json\/wp\/v2\/media\/5700"}],"wp:attachment":[{"href":"https:\/\/www.salvatorianas.org.br\/blog\/wp-json\/wp\/v2\/media?parent=5699"}],"wp:term":[{"taxonomy":"category","embeddable":true,"href":"https:\/\/www.salvatorianas.org.br\/blog\/wp-json\/wp\/v2\/categories?post=5699"},{"taxonomy":"post_tag","embeddable":true,"href":"https:\/\/www.salvatorianas.org.br\/blog\/wp-json\/wp\/v2\/tags?post=5699"}],"curies":[{"name":"wp","href":"https:\/\/api.w.org\/{rel}","templated":true}]}}