{"id":568,"date":"2017-01-31T00:00:00","date_gmt":"2017-01-31T00:00:00","guid":{"rendered":"https:\/\/www.salvatorianas.org.br\/blog\/convivencia-vocacional-em-xique-xique\/"},"modified":"2018-05-21T10:57:46","modified_gmt":"2018-05-21T10:57:46","slug":"convivencia-vocacional-em-xique-xique","status":"publish","type":"post","link":"https:\/\/www.salvatorianas.org.br\/blog\/convivencia-vocacional-em-xique-xique\/","title":{"rendered":"Conviv\u00eancia vocacional em Xique-Xique"},"content":{"rendered":"<p class=\"MsoNormal\" style=\"text-align: justify;\">A certeza do Pe. Jordan de que\u201coutros vir\u00e3o e continuar\u00e3o a obra\u201d, nos impulsiona a viver com esperan\u00e7a esta convic\u00e7\u00e3o, que o seu Sonho ter\u00e1 continuidade. Todas n\u00f3s somos respons\u00e1veis por animar e revitalizar esta OBRA que \u00e9 estimada tamb\u00e9m por Deus.Com o objetivo de proporcionar \u00e0s jovens vocacionadas um aprofundamento do discernimento vocacional, foi que nos dias 20 a 27 de janeiro de 2017, na Comunidade M\u00e3e dos Oprimidos, acolhemos as jovens:\u00a0 Rute, Kalene e Aline de Morpar\u00e1\/BA; Luana e Juceana de Xique-Xique\/BA, para uma viv\u00eancia vocacional,oportunizando experi\u00eancia de vida em grupo,\u00a0bem como um\u00a0 breve conhecimento de como \u00e9 o dia-a-dia em uma comunidade de Vida Consagrada Salvatoriana.<\/p>\n<p class=\"MsoNormal\" style=\"text-align: justify;\">Neste dias, rezamos eaprofundamos o chamado de Deus por meio de textos b\u00edblicos, encontro com ascomunidades atendidas pelas irm\u00e3s, estudos sobre a vida de Madre Maria dosAp\u00f3stolos, ora\u00e7\u00f5es comunit\u00e1rias e individual, realiza\u00e7\u00e3o de atividades da casa,aprendizado de trabalhos manuais entre outros.<\/p>\n<p class=\"MsoNormal\" style=\"text-align: justify;\">As jovens demonstraram interessee compromisso em todos os momentos proposto para a semana. Percebe-se de que avoca\u00e7\u00e3o precisa ser cultivada, animada, valorizada, apostada. Obrigada as irm\u00e3se formandas que estiveram unidas por meio de ora\u00e7\u00f5es, mensagens e telefonemas. Obrigadaa fam\u00edlia das jovens e ao P\u00e1roco Pe. Scharles por apoiar as jovens no seudiscernimento vocacional e abrir as portas para o trabalho das irm\u00e3ssalvatorianas na par\u00f3quia S\u00e3o Pedro, em Morpar\u00e1.<\/p>\n<p class=\"MsoNormal\" style=\"text-align: center;\" align=\"center\"><b>Veja os recados das vocacionadas:<\/b><\/p>\n<p class=\"MsoNormal\" style=\"text-align: center;\" align=\"center\"><b>\u00a0<\/b><\/p>\n<p class=\"MsoNormal\" style=\"text-align: justify;\">\u00a0\u201cA vivencia vocacional foi um momento deexperi\u00eancia onde vivenciamos uma semana de discernimento com as Irm\u00e3sSalvatorianas. Percebemos o seu modo de viver e de est\u00e1 sempre ajudando nascomunidades, com elas conhecemos a fundo o seu carisma e sua sede de levar oevangelho as pessoas, como diz Pe. Jordan que devemos levar o Evangelho a TODOSe que Deus precisa de n\u00f3s.\u00a0 Na comunidadesalvatoriana h\u00e1 v\u00e1rias formas de encontrar o Salvador, n\u00e3o somente fazendoretiros e ora\u00e7\u00f5es, mas tamb\u00e9m descobri-lo de v\u00e1rias maneiras como por exemplo:por meio da viv\u00eancia num lazer, em servi\u00e7os dom\u00e9sticos, comunit\u00e1rios,din\u00e2micas&#8230; somos gratas a Congrega\u00e7\u00e3o do Divino Salvador e por nossaAnimadora Vocacional,\u00a0 a Ir. Van\u00facia quenos recebeu de bra\u00e7os abertos e nos proporcionou este momento de gra\u00e7a\u201d.<\/p>\n<p class=\"MsoNormal\" style=\"text-align: justify;\">\u201cFelizes s\u00e3o aqueles que encontraa felicidade atrav\u00e9s dos outros\u201d, disse Luana.<\/p>\n<p class=\"MsoNormal\" style=\"text-align: justify;\">\u201cEncontrar Jesus \u00e9 necess\u00e1riopara ser feliz\u201d, destacou Aline.<\/p>\n<p class=\"MsoNormal\" style=\"text-align: justify;\">\u201cO amor de Jesus \u00e9 percebidoatrav\u00e9s dos irm\u00e3os\u201d, relatou Kalene.<\/p>\n<p class=\"MsoNormal\" style=\"text-align: justify;\">\u201cPara sermos verdadeirasreligiosas, primeiro devemos ter um encontro pessoal com o Salvador\u201d,acrescentou Rute.<\/p>\n<p class=\"MsoNormal\" style=\"text-align: center;\"><b>Que o Senhor continue fortalecendo-as, animando-as e encorajando-as no seguimento do Salvador.<\/b><\/p>\n<p class=\"MsoNormal\" style=\"text-align: center;\"><b>\u00a0<\/b><\/p>\n<p class=\"MsoNormal\" style=\"text-align: center;\"><b>\u00a0<\/b><\/p>\n<p class=\"MsoNormal\" style=\"text-align: center;\"><b>\u00a0<\/b><\/p>\n<p class=\"MsoNormal\" style=\"text-align: center;\"><b>\u00a0<\/b><\/p>\n","protected":false},"excerpt":{"rendered":"<p>A certeza do Pe. Jordan de que\u201coutros vir\u00e3o e continuar\u00e3o a obra\u201d, nos impulsiona a viver com esperan\u00e7a esta convic\u00e7\u00e3o, que o seu Sonho ter\u00e1 continuidade. Todas n\u00f3s somos respons\u00e1veis por animar e&#8230;<\/p>\n","protected":false},"author":1,"featured_media":837,"comment_status":"open","ping_status":"open","sticky":false,"template":"","format":"standard","meta":[],"categories":[28],"tags":[32],"_links":{"self":[{"href":"https:\/\/www.salvatorianas.org.br\/blog\/wp-json\/wp\/v2\/posts\/568"}],"collection":[{"href":"https:\/\/www.salvatorianas.org.br\/blog\/wp-json\/wp\/v2\/posts"}],"about":[{"href":"https:\/\/www.salvatorianas.org.br\/blog\/wp-json\/wp\/v2\/types\/post"}],"author":[{"embeddable":true,"href":"https:\/\/www.salvatorianas.org.br\/blog\/wp-json\/wp\/v2\/users\/1"}],"replies":[{"embeddable":true,"href":"https:\/\/www.salvatorianas.org.br\/blog\/wp-json\/wp\/v2\/comments?post=568"}],"version-history":[{"count":2,"href":"https:\/\/www.salvatorianas.org.br\/blog\/wp-json\/wp\/v2\/posts\/568\/revisions"}],"predecessor-version":[{"id":6133,"href":"https:\/\/www.salvatorianas.org.br\/blog\/wp-json\/wp\/v2\/posts\/568\/revisions\/6133"}],"wp:featuredmedia":[{"embeddable":true,"href":"https:\/\/www.salvatorianas.org.br\/blog\/wp-json\/wp\/v2\/media\/837"}],"wp:attachment":[{"href":"https:\/\/www.salvatorianas.org.br\/blog\/wp-json\/wp\/v2\/media?parent=568"}],"wp:term":[{"taxonomy":"category","embeddable":true,"href":"https:\/\/www.salvatorianas.org.br\/blog\/wp-json\/wp\/v2\/categories?post=568"},{"taxonomy":"post_tag","embeddable":true,"href":"https:\/\/www.salvatorianas.org.br\/blog\/wp-json\/wp\/v2\/tags?post=568"}],"curies":[{"name":"wp","href":"https:\/\/api.w.org\/{rel}","templated":true}]}}