{"id":5642,"date":"2018-04-14T18:01:11","date_gmt":"2018-04-14T18:01:11","guid":{"rendered":"https:\/\/www.salvatorianas.org.br\/blog\/?p=5642"},"modified":"2018-05-01T12:23:41","modified_gmt":"2018-05-01T12:23:41","slug":"1o-congresso-da-familia-salvatoriana","status":"publish","type":"post","link":"https:\/\/www.salvatorianas.org.br\/blog\/1o-congresso-da-familia-salvatoriana\/","title":{"rendered":"Congresso da Fam\u00edlia Salvatoriana"},"content":{"rendered":"<p>&nbsp;<\/p>\n<p>&nbsp;<\/p>\n<h1>Tema: <strong>\u201cPadre Jordan, Ap\u00f3stolo fiel de Jesus Salvador\u201d<\/strong><\/h1>\n<p>O motivo do Congresso \u00e9 Padre Jordan, os 100 anos de sua morte-ressurrei\u00e7\u00e3o, mas ele nos aponta Jesus e diz: \u201cSeja esta a vossa divisa: Devo tornar-me semelhante ao meu Divino Modelo\u201d. (PE, p. 24)<\/p>\n<p>Tencionamos enfatizar nossa identidade apost\u00f3lica salvatoriana. Padre Jordan e Maria dos Ap\u00f3stolos nos direcionam para o seguimento de Jesus e dos Ap\u00f3stolos.<\/p>\n<p>Jesus de Nazar\u00e9, Jesus Salvador, \u00e9 nosso Modelo de Seguimento, que veio nos revelar Deus Trindade e nos ensinar como se vive a miseric\u00f3rdia, o perd\u00e3o e a partilha.<\/p>\n<p>Na express\u00e3o \u201cJordan, Ap\u00f3stolo fiel\u201d trazemos presente a quest\u00e3o da fidelidade ao projeto de Jesus que \u201cveio para que todos tenham vida\u201d, fieis ao Carisma Salvatoriano em todos os tempos, remontando-nos \u00e0 mem\u00f3ria agradecida ao passado, vivendo a mesma fidelidade no presente e projetando nossa vida salvatoriana para o futuro, buscando ser ap\u00f3stolos\/as neste mundo (hoje e amanh\u00e3).<\/p>\n<p>&nbsp;<\/p>\n<p><iframe loading=\"lazy\" width=\"500\" height=\"281\" src=\"https:\/\/www.youtube.com\/embed\/H2ZhDro9_jo?feature=oembed\" frameborder=\"0\" allow=\"autoplay; encrypted-media\" allowfullscreen><\/iframe><\/p>\n<p><img decoding=\"async\" src=\"https:\/\/adsnacional.com.br\/_files\/200000308-0c3540d2e8\/CONGRESSO%20FAMILIA%20SALVATORIANA.jpg\" \/><\/p>\n<p>&nbsp;<\/p>\n<h3 style=\"text-align: center;\"><a href=\"https:\/\/www.salvatorianas.org.br\/blog\/wp-content\/uploads\/2018\/04\/FOLDER-CONGRESSO-DA-FAM%C3%8DLIA-SALVATORIANA-ilovepdf-compressed.pdf\"><strong>FOLDER &#8211; CONGRESSO DA FAM\u00cdLIA SALVATORIANA<\/strong><\/a><\/h3>\n<p>&nbsp;<\/p>\n<p>&nbsp;<\/p>\n<p>&nbsp;<\/p>\n","protected":false},"excerpt":{"rendered":"<p>&nbsp; &nbsp; Tema: \u201cPadre Jordan, Ap\u00f3stolo fiel de Jesus Salvador\u201d O motivo do Congresso \u00e9 Padre Jordan, os 100 anos de sua morte-ressurrei\u00e7\u00e3o, mas ele nos aponta Jesus e diz: \u201cSeja esta a&#8230;<\/p>\n","protected":false},"author":2,"featured_media":5644,"comment_status":"open","ping_status":"open","sticky":false,"template":"","format":"standard","meta":[],"categories":[25],"tags":[],"_links":{"self":[{"href":"https:\/\/www.salvatorianas.org.br\/blog\/wp-json\/wp\/v2\/posts\/5642"}],"collection":[{"href":"https:\/\/www.salvatorianas.org.br\/blog\/wp-json\/wp\/v2\/posts"}],"about":[{"href":"https:\/\/www.salvatorianas.org.br\/blog\/wp-json\/wp\/v2\/types\/post"}],"author":[{"embeddable":true,"href":"https:\/\/www.salvatorianas.org.br\/blog\/wp-json\/wp\/v2\/users\/2"}],"replies":[{"embeddable":true,"href":"https:\/\/www.salvatorianas.org.br\/blog\/wp-json\/wp\/v2\/comments?post=5642"}],"version-history":[{"count":5,"href":"https:\/\/www.salvatorianas.org.br\/blog\/wp-json\/wp\/v2\/posts\/5642\/revisions"}],"predecessor-version":[{"id":5965,"href":"https:\/\/www.salvatorianas.org.br\/blog\/wp-json\/wp\/v2\/posts\/5642\/revisions\/5965"}],"wp:featuredmedia":[{"embeddable":true,"href":"https:\/\/www.salvatorianas.org.br\/blog\/wp-json\/wp\/v2\/media\/5644"}],"wp:attachment":[{"href":"https:\/\/www.salvatorianas.org.br\/blog\/wp-json\/wp\/v2\/media?parent=5642"}],"wp:term":[{"taxonomy":"category","embeddable":true,"href":"https:\/\/www.salvatorianas.org.br\/blog\/wp-json\/wp\/v2\/categories?post=5642"},{"taxonomy":"post_tag","embeddable":true,"href":"https:\/\/www.salvatorianas.org.br\/blog\/wp-json\/wp\/v2\/tags?post=5642"}],"curies":[{"name":"wp","href":"https:\/\/api.w.org\/{rel}","templated":true}]}}