{"id":5567,"date":"2017-09-08T16:06:41","date_gmt":"2017-09-08T16:06:41","guid":{"rendered":"https:\/\/www.salvatorianas.org.br\/blog\/?p=5567"},"modified":"2018-04-15T17:05:45","modified_gmt":"2018-04-15T17:05:45","slug":"ano-centenario-de-pe-jordan","status":"publish","type":"post","link":"https:\/\/www.salvatorianas.org.br\/blog\/ano-centenario-de-pe-jordan\/","title":{"rendered":"ANO CENTEN\u00c1RIO DE PE. JORDAN"},"content":{"rendered":"<p>Estamos iniciando o ano centen\u00e1rio da morte\/ressurrei\u00e7\u00e3o do vener\u00e1vel Pe. Jordan. Pe. Jordan, faleceu num humilde hospital em Tafers, pr\u00f3ximo de Friburgo, na Su\u00ed\u00e7a, em 8 de setembro de 1918. Queremos neste ano centen\u00e1rio nos aproximar mais profundamente do seu esp\u00edrito apost\u00f3lico. Sondar sua vida, seu carisma original, sua m\u00edstica no seguimento de Jesus Salvador como intui\u00e7\u00e3o para revigorar nossa vida salvatoriana e ressignificar o carisma para nossos dias. A confian\u00e7a em Deus perpassa qual fio condutor, toda a vida e obra de Pe. Jordan. Sua confian\u00e7a na Divina Provid\u00eancia \u00e9 fruto de uma profunda experi\u00eancia de Deus. <strong>\u00abQuisera deixar-lhes uma heran\u00e7a especial, se assim posso dizer, que \u00e9 precisamente uma grande confian\u00e7a em Deus\u00bb<\/strong> (Pe. Jordan).<\/p>\n<p>O Fundador da Fam\u00edlia Salvatoriana foi um homem com grande ardor apost\u00f3lico, apaixonado pela miss\u00e3o, com um desejo ardente de trabalhar para que Jesus se tornasse conhecido e amado e que todas as pessoas encontrassem a salva\u00e7\u00e3o. Para tanto, Pe. Jordan fundou em 08 de dezembro de 1881 a Sociedade do Divino Salvador, os Padres e Irm\u00e3os Religiosos, e em 08 de dezembro de 1888, com o aux\u00edlio de Madre Maria dos Ap\u00f3stolos, fundou a Congrega\u00e7\u00e3o das Irm\u00e3s do Divino Salvador &#8211; Salvatorianas.<\/p>\n<p>Hoje, o Carisma Salvatoriano est\u00e1 espalhado pelo mundo. Assim, cada salvatoriano e salvatoriana \u00e9 convidado\/a a viver a miss\u00e3o t\u00e3o sonhada por Jordan, a fim de que todos conhe\u00e7am, amem e sirvam o Salvador.<\/p>\n<p>&nbsp;<\/p>\n<h2 class=\"title style-scope ytd-video-primary-info-renderer\" style=\"text-align: center;\">VALORES VIVIDOS POR PADRE JORDAN<\/h2>\n<p>&nbsp;<\/p>\n<p><iframe loading=\"lazy\" width=\"500\" height=\"281\" src=\"https:\/\/www.youtube.com\/embed\/plrdfE7GhSE?feature=oembed\" frameborder=\"0\" allow=\"autoplay; encrypted-media\" allowfullscreen><\/iframe><\/p>\n<p>&nbsp;<\/p>\n<h2><strong>Ora\u00e7\u00e3o no Centen\u00e1rio de morte de Pe. Francisco Maria da Cruz Jordan<\/strong><\/h2>\n<p><strong>Pai de eterno amor e fonte de nossa salva\u00e7\u00e3o<\/strong>, neste tempo em que recordamos o centen\u00e1rio da morte de nosso Fundador, Pe. Francisco Maria da Cruz Jordan, agradecemos-Te pela sua vida doada ao servi\u00e7o da f\u00e9 e da Igreja. Louvamos-Te Bom Pai porque, pela vida de nosso Fundador, conduziste tantas pessoas \u00e0 santidade e a uma vida de servi\u00e7o apost\u00f3lico.<\/p>\n<p><strong>Jesus Cristo, nosso Divino Salvador<\/strong>, recordamos com gratid\u00e3o o forte testemunho de santidade apost\u00f3lica do Pe. Francisco Jordan, bem como a sua corajosa luta para levar a Tua obra de salva\u00e7\u00e3o a todos os povos. Pedimos-Te a gra\u00e7a de reavivar em n\u00f3s o esp\u00edrito de sua vida e miss\u00e3o, abra\u00e7ando, com renovado ardor, a sua experi\u00eancia de Deus e a sua ampla vis\u00e3o de evangeliza\u00e7\u00e3o.<\/p>\n<p><strong>Esp\u00edrito Santo de vida<\/strong>, louvamos-Te e Te agradecemos por ter suscitado o carisma em nosso Fundador. Escuta a nossa prece de modo que, como Fam\u00edlia Salvatoriana, possamos viver e continuar a recolher os frutos de sua heran\u00e7a espiritual. Torna-nos capazes de sermos suas testemunhas hoje, ainda que nas contradi\u00e7\u00f5es e hostilidades da vida, aceitando qualquer cruz que a miss\u00e3o nos apresente, confiando firmemente na Provid\u00eancia de Teu amor.<\/p>\n<p>Neste ano no qual recordamos o centen\u00e1rio da morte do Pe. Francisco Jordan, imploramos a intercess\u00e3o de Maria, M\u00e3e do Salvador e Rainha dos Ap\u00f3stolos; a ajuda de nossos santos padroeiros e da Beata Maria dos Ap\u00f3stolos; de modo que a Fam\u00edlia Salvatoriana, em todo o mundo, seja sempre reflexo de sua vida de santidade e de zelo apost\u00f3lico. Am\u00e9m!<\/p>\n<p>&nbsp;<\/p>\n<p style=\"text-align: center;\"><strong>MENSAGEM DO SUPERIOR GERAL DA SOCIEDADE DO DIVINO SALVADOR &#8211;\u00a0 PADRE MILTON ZONTA<\/strong><\/p>\n<p>&nbsp;<\/p>\n<p><iframe loading=\"lazy\" width=\"500\" height=\"281\" src=\"https:\/\/www.youtube.com\/embed\/MY-7_U67AWQ?feature=oembed\" frameborder=\"0\" allow=\"autoplay; encrypted-media\" allowfullscreen><\/iframe><\/p>\n<p>&nbsp;<\/p>\n<h3>CELEBRA\u00c7\u00c3O DE ABERTURA &#8211; ANO CENTEN\u00c1RIO DE PE. JORDAN [pdf-embedder url=&#8221;https:\/\/www.salvatorianas.org.br\/blog\/wp-content\/uploads\/2018\/04\/Celebra\u00e7\u00e3o-de-abertura-do-Ano-Centen\u00e1rio-de-Pe.-Jordan.pdf&#8221; title=&#8221;Celebra\u00e7\u00e3o de abertura do Ano Centen\u00e1rio de Pe. Jordan&#8221;]<\/h3>\n","protected":false},"excerpt":{"rendered":"<p>Estamos iniciando o ano centen\u00e1rio da morte\/ressurrei\u00e7\u00e3o do vener\u00e1vel Pe. Jordan. Pe. Jordan, faleceu num humilde hospital em Tafers, pr\u00f3ximo de Friburgo, na Su\u00ed\u00e7a, em 8 de setembro de 1918. Queremos neste ano&#8230;<\/p>\n","protected":false},"author":2,"featured_media":5570,"comment_status":"open","ping_status":"open","sticky":false,"template":"","format":"standard","meta":[],"categories":[27],"tags":[],"_links":{"self":[{"href":"https:\/\/www.salvatorianas.org.br\/blog\/wp-json\/wp\/v2\/posts\/5567"}],"collection":[{"href":"https:\/\/www.salvatorianas.org.br\/blog\/wp-json\/wp\/v2\/posts"}],"about":[{"href":"https:\/\/www.salvatorianas.org.br\/blog\/wp-json\/wp\/v2\/types\/post"}],"author":[{"embeddable":true,"href":"https:\/\/www.salvatorianas.org.br\/blog\/wp-json\/wp\/v2\/users\/2"}],"replies":[{"embeddable":true,"href":"https:\/\/www.salvatorianas.org.br\/blog\/wp-json\/wp\/v2\/comments?post=5567"}],"version-history":[{"count":4,"href":"https:\/\/www.salvatorianas.org.br\/blog\/wp-json\/wp\/v2\/posts\/5567\/revisions"}],"predecessor-version":[{"id":5592,"href":"https:\/\/www.salvatorianas.org.br\/blog\/wp-json\/wp\/v2\/posts\/5567\/revisions\/5592"}],"wp:featuredmedia":[{"embeddable":true,"href":"https:\/\/www.salvatorianas.org.br\/blog\/wp-json\/wp\/v2\/media\/5570"}],"wp:attachment":[{"href":"https:\/\/www.salvatorianas.org.br\/blog\/wp-json\/wp\/v2\/media?parent=5567"}],"wp:term":[{"taxonomy":"category","embeddable":true,"href":"https:\/\/www.salvatorianas.org.br\/blog\/wp-json\/wp\/v2\/categories?post=5567"},{"taxonomy":"post_tag","embeddable":true,"href":"https:\/\/www.salvatorianas.org.br\/blog\/wp-json\/wp\/v2\/tags?post=5567"}],"curies":[{"name":"wp","href":"https:\/\/api.w.org\/{rel}","templated":true}]}}