{"id":400,"date":"2017-06-12T00:00:00","date_gmt":"2017-06-12T00:00:00","guid":{"rendered":"https:\/\/www.salvatorianas.org.br\/blog\/encontro-da-juventude-salvatoriana-vocacional\/"},"modified":"2018-04-17T11:59:37","modified_gmt":"2018-04-17T11:59:37","slug":"encontro-da-juventude-salvatoriana-vocacional","status":"publish","type":"post","link":"https:\/\/www.salvatorianas.org.br\/blog\/encontro-da-juventude-salvatoriana-vocacional\/","title":{"rendered":"Encontro da Juventude Salvatoriana Vocacional"},"content":{"rendered":"<p class=\"MsoNormal\" style=\"text-align: justify;\">O Encontro da JuventudeSalvatoriana Vocacional aconteceu neste \u00faltimo s\u00e1bado, 10 de junho, no antigo Semin\u00e1rioem Videira\/SC. O evento reuniu mais de 160 jovens para aprofundar o CarismaSalvatoriano neste m\u00eas destinado a Pe. Jordan.<\/p>\n<p class=\"MsoNormal\" style=\"text-align: justify;\">O encontro teve como objetivodespertar em cada jovem a sua VOCA\u00c7\u00c3O. O dia foi enriquecido com momentos deespiritualidade, reflex\u00e3o e descontra\u00e7\u00e3o.<\/p>\n<p class=\"MsoNormal\" style=\"text-align: justify;\">#SerSalvatoriana#Voca\u00e7\u00f5esSalvatorianas<\/p>\n","protected":false},"excerpt":{"rendered":"<p>O Encontro da JuventudeSalvatoriana Vocacional aconteceu neste \u00faltimo s\u00e1bado, 10 de junho, no antigo Semin\u00e1rioem Videira\/SC. O evento reuniu mais de 160 jovens para aprofundar o CarismaSalvatoriano neste m\u00eas destinado a Pe. Jordan&#8230;.<\/p>\n","protected":false},"author":1,"featured_media":600,"comment_status":"open","ping_status":"open","sticky":false,"template":"","format":"standard","meta":[],"categories":[28],"tags":[],"_links":{"self":[{"href":"https:\/\/www.salvatorianas.org.br\/blog\/wp-json\/wp\/v2\/posts\/400"}],"collection":[{"href":"https:\/\/www.salvatorianas.org.br\/blog\/wp-json\/wp\/v2\/posts"}],"about":[{"href":"https:\/\/www.salvatorianas.org.br\/blog\/wp-json\/wp\/v2\/types\/post"}],"author":[{"embeddable":true,"href":"https:\/\/www.salvatorianas.org.br\/blog\/wp-json\/wp\/v2\/users\/1"}],"replies":[{"embeddable":true,"href":"https:\/\/www.salvatorianas.org.br\/blog\/wp-json\/wp\/v2\/comments?post=400"}],"version-history":[{"count":1,"href":"https:\/\/www.salvatorianas.org.br\/blog\/wp-json\/wp\/v2\/posts\/400\/revisions"}],"predecessor-version":[{"id":5680,"href":"https:\/\/www.salvatorianas.org.br\/blog\/wp-json\/wp\/v2\/posts\/400\/revisions\/5680"}],"wp:featuredmedia":[{"embeddable":true,"href":"https:\/\/www.salvatorianas.org.br\/blog\/wp-json\/wp\/v2\/media\/600"}],"wp:attachment":[{"href":"https:\/\/www.salvatorianas.org.br\/blog\/wp-json\/wp\/v2\/media?parent=400"}],"wp:term":[{"taxonomy":"category","embeddable":true,"href":"https:\/\/www.salvatorianas.org.br\/blog\/wp-json\/wp\/v2\/categories?post=400"},{"taxonomy":"post_tag","embeddable":true,"href":"https:\/\/www.salvatorianas.org.br\/blog\/wp-json\/wp\/v2\/tags?post=400"}],"curies":[{"name":"wp","href":"https:\/\/api.w.org\/{rel}","templated":true}]}}