{"id":369,"date":"2017-07-10T00:00:00","date_gmt":"2017-07-10T00:00:00","guid":{"rendered":"https:\/\/www.salvatorianas.org.br\/blog\/sav-realiza-encontro-vocacional\/"},"modified":"2018-04-17T12:02:06","modified_gmt":"2018-04-17T12:02:06","slug":"sav-realiza-encontro-vocacional","status":"publish","type":"post","link":"https:\/\/www.salvatorianas.org.br\/blog\/sav-realiza-encontro-vocacional\/","title":{"rendered":"SAV realiza encontro vocacional"},"content":{"rendered":"<p class=\"MsoNormal\" style=\"text-align: justify;\">Aconteceu no dia 08 de julho, o 2\u00ba Encontro de Anima\u00e7\u00e3o Vocacional, onde as Irm\u00e3s Cleni e Marli Cacenote, como participante da Equipe de Anima\u00e7\u00e3o Vocacional da Arquidiocese de Passo Fundo,contribu\u00edram na dinamiza\u00e7\u00e3o dos grupos de Pr\u00e9 \u2013 Crisma e Crisma, juntamente comPadre Eberson Fontana (Padre Dioesano), Irm\u00e3 Lenice Rebelato (Notre Dame) e Irm\u00e3 Lairi Carmen Salvi (Scalabriniana). O tema abordado nesta ocasi\u00e3o foi <b>\u201cVoca\u00e7\u00e3o\u201d<\/b>, havendo destaque a quatro voca\u00e7\u00f5es: Matrim\u00f4nio, Ordem, Vida Consagrada e Vida leiga. Os encontros aconteceram no turno da manh\u00e3, na par\u00f3quia S\u00e3o Jos\u00e9 Oper\u00e1rio, bairro Vera Cruz\u00a0 e \u00e0 tarde na par\u00f3quia S\u00e3o Francisco, na Vila Santa Maria em Passo Fundo\/RS.<\/p>\n<p class=\"MsoNormal\" style=\"text-align: justify;\">Participaram do mesmo tamb\u00e9m oscatequistas e grupo de CLJ, os quais se envolveram em todas as atividadespropostas. Os grupos de ambas as par\u00f3quias somaram um total de 120 jovens.\u00a0 Foram momentos de alegria, descontra\u00e7\u00e3o,ora\u00e7\u00e3o, reflex\u00e3o, desafios e partilha.<\/p>\n<p class=\"MsoNormal\" style=\"text-align: justify;\">Na par\u00f3quia S\u00e3o Francisco oencerramento aconteceu\u00a0 com a Celebra\u00e7\u00e3oEucar\u00edstica concelebrada pelos padres Eberson\u00a0Fontana e Ivanir Rampon o qual informou a comunidade a tem\u00e1ticarefletida durante a tarde, o que foi refor\u00e7ado por todos os membros da Equipede Anima\u00e7\u00e3o Vocacional, na hora da homilia, onde cada qual destacou aspectosimportantes de cada voca\u00e7\u00e3o.<\/p>\n<p class=\"MsoNormal\" style=\"text-align: justify;\">Tudo transcorreu al\u00e9m de nossasexpectativas num clima de acolhida, serenidade, envolvimento e compromisso, oque nos deu a certeza da atua\u00e7\u00e3o do Esp\u00edrito Santo em cada participante. Assimpodemos cantar o desafio: <b><i>\u201cRecebeste de gra\u00e7a, de gra\u00e7a da\u00ed tamb\u00e9mv\u00f3s\u201d.<\/i><\/b><\/p>\n<p class=\"MsoNormal\" style=\"text-align: justify;\">\n","protected":false},"excerpt":{"rendered":"<p>Aconteceu no dia 08 de julho, o 2\u00ba Encontro de Anima\u00e7\u00e3o Vocacional, onde as Irm\u00e3s Cleni e Marli Cacenote, como participante da Equipe de Anima\u00e7\u00e3o Vocacional da Arquidiocese de Passo Fundo,contribu\u00edram na dinamiza\u00e7\u00e3o&#8230;<\/p>\n","protected":false},"author":1,"featured_media":5682,"comment_status":"open","ping_status":"open","sticky":false,"template":"","format":"standard","meta":[],"categories":[28],"tags":[],"_links":{"self":[{"href":"https:\/\/www.salvatorianas.org.br\/blog\/wp-json\/wp\/v2\/posts\/369"}],"collection":[{"href":"https:\/\/www.salvatorianas.org.br\/blog\/wp-json\/wp\/v2\/posts"}],"about":[{"href":"https:\/\/www.salvatorianas.org.br\/blog\/wp-json\/wp\/v2\/types\/post"}],"author":[{"embeddable":true,"href":"https:\/\/www.salvatorianas.org.br\/blog\/wp-json\/wp\/v2\/users\/1"}],"replies":[{"embeddable":true,"href":"https:\/\/www.salvatorianas.org.br\/blog\/wp-json\/wp\/v2\/comments?post=369"}],"version-history":[{"count":2,"href":"https:\/\/www.salvatorianas.org.br\/blog\/wp-json\/wp\/v2\/posts\/369\/revisions"}],"predecessor-version":[{"id":5683,"href":"https:\/\/www.salvatorianas.org.br\/blog\/wp-json\/wp\/v2\/posts\/369\/revisions\/5683"}],"wp:featuredmedia":[{"embeddable":true,"href":"https:\/\/www.salvatorianas.org.br\/blog\/wp-json\/wp\/v2\/media\/5682"}],"wp:attachment":[{"href":"https:\/\/www.salvatorianas.org.br\/blog\/wp-json\/wp\/v2\/media?parent=369"}],"wp:term":[{"taxonomy":"category","embeddable":true,"href":"https:\/\/www.salvatorianas.org.br\/blog\/wp-json\/wp\/v2\/categories?post=369"},{"taxonomy":"post_tag","embeddable":true,"href":"https:\/\/www.salvatorianas.org.br\/blog\/wp-json\/wp\/v2\/tags?post=369"}],"curies":[{"name":"wp","href":"https:\/\/api.w.org\/{rel}","templated":true}]}}