{"id":342,"date":"2017-08-08T00:00:00","date_gmt":"2017-08-08T00:00:00","guid":{"rendered":"https:\/\/www.salvatorianas.org.br\/blog\/convivio-vocacional-salvatoriano\/"},"modified":"2018-05-21T10:46:40","modified_gmt":"2018-05-21T10:46:40","slug":"convivio-vocacional-salvatoriano","status":"publish","type":"post","link":"https:\/\/www.salvatorianas.org.br\/blog\/convivio-vocacional-salvatoriano\/","title":{"rendered":"Conv\u00edvio Vocacional Salvatoriano"},"content":{"rendered":"<p class=\"MsoNormal\" style=\"text-align: justify;\">Escolher um caminho para a vidanem sempre \u00e9 um processo f\u00e1cil. Especialmente no per\u00edodo da adolesc\u00eancia ejuventude, surgem muitas perguntas e interpela\u00e7\u00f5es. O que vou fazer da minhavida? O que vai me fazer feliz?<\/p>\n<p class=\"MsoNormal\" style=\"text-align: justify;\">Buscando ajudar as jovens noprocesso de escolha vocacional a Comunidade do Noviciado Madre Maria, proporcionouuma tarde de Conv\u00edvio Vocacional &#8211; um momento de encontro com jovens que sentemo cora\u00e7\u00e3o bater forte e desejam algo a mais para suas vidas.<\/p>\n<p class=\"MsoNormal\" style=\"text-align: justify;\">O conv\u00edvio vocacional \u00e9 ummomento, sobretudo de conviv\u00eancia, onde se tem a possibilidade de conhecer anossa Comunidade Religiosa, o espa\u00e7o onde vivemos e a miss\u00e3o que realizamosjunto ao povo. O encontro aconteceu no dia 29 de julho e reuniu 10 jovens paracompartilhar seus sonhos e projetos, suas alegrias e esperan\u00e7as.<\/p>\n<p class=\"MsoNormal\" style=\"text-align: justify;\"><b>Jovem, este \u00e9 o primeiro passo!<\/b><\/p>\n<p class=\"MsoNormal\" style=\"text-align: justify;\">A voca\u00e7\u00e3o \u00e9 um chamado de Deus emnossa vida e Ele chama para uma miss\u00e3o. A resposta, por\u00e9m \u00e9 nossa. Que o Senhorda Messe continue tocando o cora\u00e7\u00e3o da nossa juventude e despertando para amiss\u00e3o de &#8220;Tornar Jesus, o Salvador mais conhecido e amado e nomundo&#8221;.<\/p>\n<p class=\"MsoNormal\" style=\"text-align: center;\" align=\"center\"><b><i>Caminheira voc\u00ea sabe, n\u00e3o existecaminho. Passo a passo, pouco a pouco o caminho se faz.<\/i><\/b><\/p>\n<p class=\"MsoNormal\" style=\"text-align: center;\" align=\"center\"><b><i>\u00a0<\/i><\/b><\/p>\n<p class=\"MsoNormal\" style=\"text-align: center;\" align=\"center\"><b><i>\u00a0<\/i><\/b><\/p>\n<p class=\"MsoNormal\" style=\"text-align: center;\" align=\"center\"><span style=\"text-align: start;\">\u00a0<\/span><\/p>\n<p class=\"MsoNormal\" style=\"text-align: center;\" align=\"center\"><b><i>\u00a0<\/i><\/b><\/p>\n<p class=\"MsoNormal\" style=\"text-align: center;\" align=\"center\"><b><i>\u00a0<\/i><\/b><\/p>\n<p class=\"MsoNormal\" style=\"text-align: center;\" align=\"center\"><b><i>\u00a0<\/i><\/b><\/p>\n","protected":false},"excerpt":{"rendered":"<p>Escolher um caminho para a vidanem sempre \u00e9 um processo f\u00e1cil. Especialmente no per\u00edodo da adolesc\u00eancia ejuventude, surgem muitas perguntas e interpela\u00e7\u00f5es. O que vou fazer da minhavida? O que vai me fazer&#8230;<\/p>\n","protected":false},"author":1,"featured_media":689,"comment_status":"open","ping_status":"open","sticky":false,"template":"","format":"standard","meta":[],"categories":[28],"tags":[32],"_links":{"self":[{"href":"https:\/\/www.salvatorianas.org.br\/blog\/wp-json\/wp\/v2\/posts\/342"}],"collection":[{"href":"https:\/\/www.salvatorianas.org.br\/blog\/wp-json\/wp\/v2\/posts"}],"about":[{"href":"https:\/\/www.salvatorianas.org.br\/blog\/wp-json\/wp\/v2\/types\/post"}],"author":[{"embeddable":true,"href":"https:\/\/www.salvatorianas.org.br\/blog\/wp-json\/wp\/v2\/users\/1"}],"replies":[{"embeddable":true,"href":"https:\/\/www.salvatorianas.org.br\/blog\/wp-json\/wp\/v2\/comments?post=342"}],"version-history":[{"count":1,"href":"https:\/\/www.salvatorianas.org.br\/blog\/wp-json\/wp\/v2\/posts\/342\/revisions"}],"predecessor-version":[{"id":5669,"href":"https:\/\/www.salvatorianas.org.br\/blog\/wp-json\/wp\/v2\/posts\/342\/revisions\/5669"}],"wp:featuredmedia":[{"embeddable":true,"href":"https:\/\/www.salvatorianas.org.br\/blog\/wp-json\/wp\/v2\/media\/689"}],"wp:attachment":[{"href":"https:\/\/www.salvatorianas.org.br\/blog\/wp-json\/wp\/v2\/media?parent=342"}],"wp:term":[{"taxonomy":"category","embeddable":true,"href":"https:\/\/www.salvatorianas.org.br\/blog\/wp-json\/wp\/v2\/categories?post=342"},{"taxonomy":"post_tag","embeddable":true,"href":"https:\/\/www.salvatorianas.org.br\/blog\/wp-json\/wp\/v2\/tags?post=342"}],"curies":[{"name":"wp","href":"https:\/\/api.w.org\/{rel}","templated":true}]}}