{"id":3182,"date":"2024-02-14T00:00:00","date_gmt":"2024-02-14T00:00:00","guid":{"rendered":"https:\/\/www.salvatorianas.org.br\/blog\/sao-cirilo-e-sao-metodio\/"},"modified":"2024-01-22T11:43:12","modified_gmt":"2024-01-22T11:43:12","slug":"sao-cirilo-e-sao-metodio","status":"publish","type":"post","link":"https:\/\/www.salvatorianas.org.br\/blog\/sao-cirilo-e-sao-metodio\/","title":{"rendered":"S\u00c3O CIRILO E S\u00c3O MET\u00d3DIO"},"content":{"rendered":"<p><p style=\"text-align: justify;\">Met&oacute;dio e Cirilo nasceram na Maced&ocirc;nia e foram irm&atilde;os unidos pelo sangue, pela f&eacute;, pela voca&ccedil;&atilde;o apost&oacute;lica. Met&oacute;dio nasceu em 815 e Cirilo em 826. Met&oacute;dio, ainda jovem, foi nomeado governador da prov&iacute;ncia da Maced&ocirc;nia Inferior, onde estavam estabelecidos os eslavos. Cirilo, tamb&eacute;m ainda jovem, foi levado a estudar em Constantinopla, capital do ent&atilde;o Imp&eacute;rio Bizantino, onde se formou. Mais tarde, lecionou filosofia e foi diplomata junto aos &aacute;rabes.&nbsp;<br \/>Com trinta e oito anos, Met&oacute;dio abandonou a carreira pol&iacute;tica e se tornou monge no mosteiro de B&oacute;sforo. Poucos anos depois seu irm&atilde;o Cirilo tamb&eacute;m entrou para a vida mon&aacute;stica. A miss&atilde;o apost&oacute;lica dos dois irm&atilde;os come&ccedil;ou em 861, quando foram enviados numa miss&atilde;o de convers&atilde;o dos povos eslavos.&nbsp;<br \/>S&atilde;o Cirilo criou um novo alfabeto eslavo e traduziu a B&iacute;blia, a Missa, os rituais e ensinamentos crist&atilde;os. Assim o povo podia rezar, cantar e ler tudo em sua pr&oacute;pria l&iacute;ngua.&nbsp;<br \/>Na &eacute;poca, os textos sagrados s&oacute; existiam em grego ou latim, n&atilde;o podiam ser traduzidos. A iniciativa dos monges Cirilo e M&eacute;t&oacute;dia gerou conflito com outros monges. Muitos religiosos ficaram contra o trabalho de Met&oacute;dio e Cirilo. Os dois foram ent&atilde;o chamados a Roma, onde conseguiram o apoio do Papa Adriano II, que aben&ccedil;oou pessoalmente os livros lit&uacute;rgicos escritos em l&iacute;ngua eslava.&nbsp;<br \/>Cirilo seria ordenado bispo, mas na viagem de volta de Roma acabou falecendo. O ano era 896 e Cirilo tinha apenas 42 anos de idade. Foi sepultado a 14 de fevereiro na Igreja de S&atilde;o Clemente, perto do Coliseu.&nbsp;<br \/>Met&oacute;dio voltou para a miss&atilde;o e foi nomeado arcebispo de Pan&ocirc;nia, com sede em Sirmio. Numa segunda viagem a Roma, em 885, acabou morrendo.&nbsp;<br \/>Ambos foram proclamados patronos da Europa, ao lado de S&atilde;o Bento, pelo Papa Jo&atilde;o Paulo II em 1980.<\/p>\n<p style=\"text-align: justify;\"><strong>&nbsp;REFLEX&Atilde;O<\/strong>&nbsp;S&atilde;o Cirilo e M&eacute;todio nos mostram que o projeto de evangeliza&ccedil;&atilde;o precisa de pessoas ousadas e criativas. O desejo de levar a mensagem de Jesus aos povos eslavos fez com que estes dois irm&atilde;os enfrentassem &aacute;rduos desafios. Felizmente a ousadia deles gerou frutos para o bem da Igreja. Que o mesmo ardor mission&aacute;rio que alimentou a f&eacute; destes dois santos desperte nossa criatividade mission&aacute;ria para o bem do ser humano.<\/p>\n<\/p>\n<p><p style=\"text-align: justify;\"><strong>ORA&Ccedil;&Atilde;O<\/strong>&nbsp;Deus Pai de bondade, iluminados pelo ideal mission&aacute;rio de S&atilde;o Cirilo e Met&oacute;dio, sejamos tamb&eacute;m n&oacute;s revestidos com a gra&ccedil;a de levar aos homens e mulheres mais abandonados a mensagem de amor que brota do evangelho. Tudo isso Vos pedimos por Cristo, nosso Senhor. Am&eacute;m.<\/p>\n<p style=\"text-align: justify;\">&nbsp;<\/p>\n<p style=\"text-align: right;\"><span style=\"font-size: 8pt; line-height: 115%; font-family: Verdana, sans-serif; background-image: initial; background-attachment: initial; background-size: initial; background-origin: initial; background-clip: initial; background-position: initial; background-repeat: initial;\">Colabora&ccedil;&atilde;o: Pe. Evaldo C&eacute;sar de souza, CSsR<\/span><\/p><\/p>\n","protected":false},"excerpt":{"rendered":"<p>Met&oacute;dio e Cirilo nasceram na Maced&ocirc;nia e foram irm&atilde;os unidos pelo sangue, pela f&eacute;, pela voca&ccedil;&atilde;o apost&oacute;lica. Met&oacute;dio nasceu em 815 e Cirilo em 826. Met&oacute;dio, ainda jovem, foi nomeado governador da prov&iacute;ncia&#8230;<\/p>\n","protected":false},"author":1,"featured_media":3188,"comment_status":"open","ping_status":"open","sticky":false,"template":"","format":"standard","meta":[],"categories":[6],"tags":[],"_links":{"self":[{"href":"https:\/\/www.salvatorianas.org.br\/blog\/wp-json\/wp\/v2\/posts\/3182"}],"collection":[{"href":"https:\/\/www.salvatorianas.org.br\/blog\/wp-json\/wp\/v2\/posts"}],"about":[{"href":"https:\/\/www.salvatorianas.org.br\/blog\/wp-json\/wp\/v2\/types\/post"}],"author":[{"embeddable":true,"href":"https:\/\/www.salvatorianas.org.br\/blog\/wp-json\/wp\/v2\/users\/1"}],"replies":[{"embeddable":true,"href":"https:\/\/www.salvatorianas.org.br\/blog\/wp-json\/wp\/v2\/comments?post=3182"}],"version-history":[{"count":1,"href":"https:\/\/www.salvatorianas.org.br\/blog\/wp-json\/wp\/v2\/posts\/3182\/revisions"}],"predecessor-version":[{"id":9739,"href":"https:\/\/www.salvatorianas.org.br\/blog\/wp-json\/wp\/v2\/posts\/3182\/revisions\/9739"}],"wp:featuredmedia":[{"embeddable":true,"href":"https:\/\/www.salvatorianas.org.br\/blog\/wp-json\/wp\/v2\/media\/3188"}],"wp:attachment":[{"href":"https:\/\/www.salvatorianas.org.br\/blog\/wp-json\/wp\/v2\/media?parent=3182"}],"wp:term":[{"taxonomy":"category","embeddable":true,"href":"https:\/\/www.salvatorianas.org.br\/blog\/wp-json\/wp\/v2\/categories?post=3182"},{"taxonomy":"post_tag","embeddable":true,"href":"https:\/\/www.salvatorianas.org.br\/blog\/wp-json\/wp\/v2\/tags?post=3182"}],"curies":[{"name":"wp","href":"https:\/\/api.w.org\/{rel}","templated":true}]}}