{"id":3123,"date":"2024-03-16T00:00:00","date_gmt":"2024-03-16T00:00:00","guid":{"rendered":"https:\/\/www.salvatorianas.org.br\/blog\/sao-joao-de-brebeuf-e-companheiros\/"},"modified":"2024-01-22T11:41:34","modified_gmt":"2024-01-22T11:41:34","slug":"sao-joao-de-brebeuf-e-companheiros","status":"publish","type":"post","link":"https:\/\/www.salvatorianas.org.br\/blog\/sao-joao-de-brebeuf-e-companheiros\/","title":{"rendered":"S\u00c3O JO\u00c3O DE BR\u00c9BEUF E COMPANHEIROS"},"content":{"rendered":"<p class=\"excerpt\">\n<p style=\"text-align: justify;\">S&atilde;o Jo&atilde;o de Br&eacute;beuf nasceu em 1593, na Fran&ccedil;a. Entrou para a Companhia de Jesus, tornando-se Jesu&iacute;ta no dia em que completava 29 anos. Em 1625, junto com um grupo de mission&aacute;rios, partiu para o Canad&aacute;, com a miss&atilde;o era evangelizar os &iacute;ndios algonquinos. <br \/>A regi&atilde;o dos grandes lagos, nos confins entre os Estados Unidos e o Canad&aacute;, era habitada no s&eacute;culo XVII por tribos, peles vermelhas, que n&atilde;o conheciam as vantagens do Evangelho. Nossos irm&atilde;os enfrentaram as dificuldades pr&oacute;prias da adapta&ccedil;&atilde;o nas terras diferentes, climas, l&iacute;nguas e principalmente tribos ind&iacute;genas guerreiras, que faziam da miss&atilde;o um perigo, mas assim mesmo, os santos mission&aacute;rios preferiram arriscar a vida por Jesus. <br \/>Jo&atilde;o Breb&eacute;uf era admirado e respeitado pelos ind&iacute;genas. Batizou cerca de sete mil &iacute;ndios. Vivia em extrema pobreza, dividindo comida e casa com os &iacute;ndios. Apesar disso, dava testemunho de alegria, de esperan&ccedil;a e de paci&ecirc;ncia crist&atilde;, a ponto de os &iacute;ndios dizerem a seu respeito: &#8220;Jesus voltou&#8221;! Aprenderam rapidamente a l&iacute;ngua ind&iacute;gena a ponto de escrever para eles uma gram&aacute;tica e livros de catequese. <br \/>No dia 16 de mar&ccedil;o de 1649, uma tribo advers&aacute;ria, os iroqueses, invadiu a miss&atilde;o. Jo&atilde;o foi amarrado num pau e tremendamente torturado, tendo inclusive suas unhas arrancadas. Impressionados com a coragem do mission&aacute;rio, os &iacute;ndios arrancaram-lhe o cora&ccedil;&atilde;o a fim de com&ecirc;-lo e herdar sua for&ccedil;a. <br \/>Com Jo&atilde;o de Br&eacute;beuf foram martirizados seus sete companheiros: Isac Jogues, Antonio Daniel, Carlos Garnier, Gabriel Lalemant, Jo&atilde;o de la Lande, Natal Chabanel e Renato Goupil.&nbsp;&nbsp;<\/p>\n<h5 style=\"text-align: justify;\">&nbsp;<\/h5>\n<\/p>\n<p class=\"reflection\" style=\"text-align: justify;\">\n<p><strong><span class=\"title\"> REFLEX&Atilde;O<\/span><\/strong> S&atilde;o Jo&atilde;o Breb&eacute;uf e seus companheiros podiam ter tido uma vida sem doen&ccedil;as ou atrocidades, mas preferiram doar-se por inteiro &agrave; causa da evangeliza&ccedil;&atilde;o. Deixaram as comodidades de suas casas e enfrentaram terras desconhecidas, em nome da evangeliza&ccedil;&atilde;o. Poder&iacute;amos at&eacute; questionar os m&eacute;todos mission&aacute;rios destes homens, mas sem d&uacute;vida a f&eacute; que os moveu &eacute; inquestion&aacute;vel. Sejamos tamb&eacute;m n&oacute;s mission&aacute;rios da verdade e da justi&ccedil;a e coloquemos Jesus Cristo em primeiro lugar na nossa vida.<\/p>\n<\/p>\n<p class=\"pray\">\n<p style=\"text-align: justify;\"><strong><span class=\"title\">ORA&Ccedil;&Atilde;O<\/span><\/strong> Deus todo-poderoso, que destes aos m&aacute;rtires Santos Jo&atilde;o de Br&eacute;beuf e companheiros a gra&ccedil;a de sofrer pelo Cristo, ajudai tamb&eacute;m a nossa fraqueza, para que possamos viver firmes em nossa f&eacute;, como eles n&atilde;o hesitaram em morrer por vosso amor. Por Nosso Senhor Jesus Cristo, vosso filho, na unidade do Esp&iacute;rito Santo. Am&eacute;m.<\/p>\n<p>&nbsp;<\/p>\n<p style=\"text-align: right;\">Colabora&ccedil;&atilde;o: Padre Evaldo C&eacute;sar de Souza, CSsR<\/p><\/p>\n","protected":false},"excerpt":{"rendered":"<p>S&atilde;o Jo&atilde;o de Br&eacute;beuf nasceu em 1593, na Fran&ccedil;a. Entrou para a Companhia de Jesus, tornando-se Jesu&iacute;ta no dia em que completava 29 anos. Em 1625, junto com um grupo de mission&aacute;rios, partiu&#8230;<\/p>\n","protected":false},"author":1,"featured_media":3131,"comment_status":"open","ping_status":"open","sticky":false,"template":"","format":"standard","meta":[],"categories":[6],"tags":[],"_links":{"self":[{"href":"https:\/\/www.salvatorianas.org.br\/blog\/wp-json\/wp\/v2\/posts\/3123"}],"collection":[{"href":"https:\/\/www.salvatorianas.org.br\/blog\/wp-json\/wp\/v2\/posts"}],"about":[{"href":"https:\/\/www.salvatorianas.org.br\/blog\/wp-json\/wp\/v2\/types\/post"}],"author":[{"embeddable":true,"href":"https:\/\/www.salvatorianas.org.br\/blog\/wp-json\/wp\/v2\/users\/1"}],"replies":[{"embeddable":true,"href":"https:\/\/www.salvatorianas.org.br\/blog\/wp-json\/wp\/v2\/comments?post=3123"}],"version-history":[{"count":1,"href":"https:\/\/www.salvatorianas.org.br\/blog\/wp-json\/wp\/v2\/posts\/3123\/revisions"}],"predecessor-version":[{"id":9761,"href":"https:\/\/www.salvatorianas.org.br\/blog\/wp-json\/wp\/v2\/posts\/3123\/revisions\/9761"}],"wp:featuredmedia":[{"embeddable":true,"href":"https:\/\/www.salvatorianas.org.br\/blog\/wp-json\/wp\/v2\/media\/3131"}],"wp:attachment":[{"href":"https:\/\/www.salvatorianas.org.br\/blog\/wp-json\/wp\/v2\/media?parent=3123"}],"wp:term":[{"taxonomy":"category","embeddable":true,"href":"https:\/\/www.salvatorianas.org.br\/blog\/wp-json\/wp\/v2\/categories?post=3123"},{"taxonomy":"post_tag","embeddable":true,"href":"https:\/\/www.salvatorianas.org.br\/blog\/wp-json\/wp\/v2\/tags?post=3123"}],"curies":[{"name":"wp","href":"https:\/\/api.w.org\/{rel}","templated":true}]}}