{"id":3093,"date":"2024-03-30T00:00:00","date_gmt":"2024-03-30T00:00:00","guid":{"rendered":"https:\/\/www.salvatorianas.org.br\/blog\/sao-joao-climaco\/"},"modified":"2024-01-22T11:39:30","modified_gmt":"2024-01-22T11:39:30","slug":"sao-joao-climaco","status":"publish","type":"post","link":"https:\/\/www.salvatorianas.org.br\/blog\/sao-joao-climaco\/","title":{"rendered":"S\u00c3O JO\u00c3O CL\u00cdMACO"},"content":{"rendered":"<p class=\"excerpt\">\n<p style=\"text-align: justify;\">No s&eacute;culo IV, depois das persegui&ccedil;&otilde;es romanas, v&aacute;rios mosteiros rudimentares foram constru&iacute;dos no Monte Sinai. Neste local os monges que se entregavam &agrave; vida de ora&ccedil;&atilde;o e contempla&ccedil;&atilde;o. Esses mosteiros tornaram-se famosos pela hospitalidade para com os peregrinos e pelas bibliotecas que continham manuscritos preciosos. Foi neste ambiente que viveu e atuou o maior dos monges do Monte Sinai, Jo&atilde;o Cl&iacute;maco. <\/p>\n<p>Jo&atilde;o nasceu na S&iacute;ria, por volta do ano 579. De grande intelig&ecirc;ncia, forma&ccedil;&atilde;o liter&aacute;ria e religiosa, ainda muito jovem, aos dezesseis anos, optou pelo deserto e viajou para o Monte Sinai, tornando-se disc&iacute;pulo em um dos mais renomados mosteiros. Isso aconteceu depois de renunciar a fortuna da fam&iacute;lia e a uma posi&ccedil;&atilde;o social promissora. Preferiu um cotidiano feito de ora&ccedil;&atilde;o, jejum continuado, trabalho duro e estudos profundos. S&oacute; descia ao vale para recolher frutas e ra&iacute;zes. S&atilde;o Jo&atilde;o Cl&iacute;maco decidiu nunca mais comer carne, fosse ela vermelha ou branca. Tamb&eacute;m passou a sair de sua cela apenas para participar da Eucaristia, aos domingos. <br \/>Sua fama se espalhou e muitos peregrinos iam procur&aacute;-lo para aprender com seus ensinamentos e conselhos. Inicialmente eram apenas os que desejavam seguir a vida mon&aacute;stica, depois eram os fi&eacute;is que queriam uma ben&ccedil;&atilde;o do monge, j&aacute; tido em vida como santo. Aos sessenta anos Jo&atilde;o foi eleito por unanimidade abade geral de todos os eremitas da serra do Monte Sinai. <\/p>\n<p>Nesse per&iacute;odo ele escreveu muito e o que dele se conserva at&eacute; hoje &eacute; um livro chamado, &#8220;Escada do Para&iacute;so&#8221;. Seu sobrenome, Cl&iacute;maco (&ldquo;Kl&iacute;max&rdquo;) em grego significa &#8220;aquele da escada&#8221;, e foi-lhe dado em homenagem ao livro que escreveu. No livro ele estabeleceu trinta degraus necess&aacute;rios para alcan&ccedil;ar a perfei&ccedil;&atilde;o da vida. <\/p>\n<p>Jo&atilde;o Cl&iacute;maco morreu no dia 30 de mar&ccedil;o de 649, amado e venerado por todos os crist&atilde;os do mundo oriental e ocidental, sendo celebrado por todos eles no mesmo dia do seu falecimento.&nbsp;&nbsp;<\/p>\n<h5 style=\"text-align: justify;\">&nbsp;<\/h5>\n<\/p>\n<p class=\"reflection\" style=\"text-align: justify;\">\n<p><strong><span class=\"title\"> REFLEX&Atilde;O<\/span><\/strong> As ra&iacute;zes primitivas da tradi&ccedil;&atilde;o contemplativa s&atilde;o sem d&uacute;vida os Evangelhos e a vida de ora&ccedil;&atilde;o de Jesus, que buscava freq&uuml;entemente o sil&ecirc;ncio e solid&atilde;o para estar em comunh&atilde;o com seu Pai. Ele falava do Reino interior e ensinava a rezar ao Pai no sil&ecirc;ncio de nosso quarto. S&atilde;o Jo&atilde;o Cl&iacute;maco soube silenciar seu cora&ccedil;&atilde;o para ouvir a voz de Deus e nunca deixou de acolher carinhosamente todos os homens e mulheres que o procuravam para receber seus conselhos. Num mundo de tanto barulho e agita&ccedil;&atilde;o, que tal buscar momentos de sil&ecirc;ncio para nossa ora&ccedil;&atilde;o di&aacute;ria?<\/p>\n<\/p>\n<p class=\"pray\">\n<p style=\"text-align: justify;\"><strong><span class=\"title\">ORA&Ccedil;&Atilde;O<\/span><\/strong> S&atilde;o Jo&atilde;o Cl&iacute;maco quantos jovens se sentem chamados a uma vida contemplativa, santa e n&atilde;o tem for&ccedil;as ou oportunidades para se integrar neste mundo de eleva&ccedil;&atilde;o espiritual. Concedei aos vocacionados serem corajosos para assumir o compromisso com Deus e com a Igreja. S&oacute; mesmo em um cora&ccedil;&atilde;o puro, sem orgulho, ego&iacute;smo, um cora&ccedil;&atilde;o cheio de Deus pode realizar milagres. E se n&atilde;o os realizamos &eacute; porque n&atilde;o fomos nem puros, nem santos, segundo a vontade de Deus. Intercedei junto a Deus por mim, por n&oacute;s, para que desapare&ccedil;amos para que somente Deus apare&ccedil;a. Por Cristo Nosso Senhor. Am&eacute;m.<\/p>\n<p>&nbsp;<\/p>\n<p style=\"text-align: right;\">Colabora&ccedil;&atilde;o: Padre Evaldo C&eacute;sar de Souza, CSsR<\/p><\/p>\n","protected":false},"excerpt":{"rendered":"<p>No s&eacute;culo IV, depois das persegui&ccedil;&otilde;es romanas, v&aacute;rios mosteiros rudimentares foram constru&iacute;dos no Monte Sinai. Neste local os monges que se entregavam &agrave; vida de ora&ccedil;&atilde;o e contempla&ccedil;&atilde;o. Esses mosteiros tornaram-se famosos pela&#8230;<\/p>\n","protected":false},"author":1,"featured_media":3104,"comment_status":"open","ping_status":"open","sticky":false,"template":"","format":"standard","meta":[],"categories":[6],"tags":[],"_links":{"self":[{"href":"https:\/\/www.salvatorianas.org.br\/blog\/wp-json\/wp\/v2\/posts\/3093"}],"collection":[{"href":"https:\/\/www.salvatorianas.org.br\/blog\/wp-json\/wp\/v2\/posts"}],"about":[{"href":"https:\/\/www.salvatorianas.org.br\/blog\/wp-json\/wp\/v2\/types\/post"}],"author":[{"embeddable":true,"href":"https:\/\/www.salvatorianas.org.br\/blog\/wp-json\/wp\/v2\/users\/1"}],"replies":[{"embeddable":true,"href":"https:\/\/www.salvatorianas.org.br\/blog\/wp-json\/wp\/v2\/comments?post=3093"}],"version-history":[{"count":1,"href":"https:\/\/www.salvatorianas.org.br\/blog\/wp-json\/wp\/v2\/posts\/3093\/revisions"}],"predecessor-version":[{"id":9747,"href":"https:\/\/www.salvatorianas.org.br\/blog\/wp-json\/wp\/v2\/posts\/3093\/revisions\/9747"}],"wp:featuredmedia":[{"embeddable":true,"href":"https:\/\/www.salvatorianas.org.br\/blog\/wp-json\/wp\/v2\/media\/3104"}],"wp:attachment":[{"href":"https:\/\/www.salvatorianas.org.br\/blog\/wp-json\/wp\/v2\/media?parent=3093"}],"wp:term":[{"taxonomy":"category","embeddable":true,"href":"https:\/\/www.salvatorianas.org.br\/blog\/wp-json\/wp\/v2\/categories?post=3093"},{"taxonomy":"post_tag","embeddable":true,"href":"https:\/\/www.salvatorianas.org.br\/blog\/wp-json\/wp\/v2\/tags?post=3093"}],"curies":[{"name":"wp","href":"https:\/\/api.w.org\/{rel}","templated":true}]}}