{"id":3070,"date":"2024-04-12T00:00:00","date_gmt":"2024-04-12T00:00:00","guid":{"rendered":"https:\/\/www.salvatorianas.org.br\/blog\/?p=3070"},"modified":"2024-01-22T11:38:53","modified_gmt":"2024-01-22T11:38:53","slug":"sao-vitor-de-braga-martir","status":"publish","type":"post","link":"https:\/\/www.salvatorianas.org.br\/blog\/sao-vitor-de-braga-martir\/","title":{"rendered":"S\u00c3O V\u00cdTOR DE BRAGA, M\u00c1RTIR"},"content":{"rendered":"<p style=\"text-align: justify;\">Na Igreja temos pelo menos nove santos com o nome de J&uacute;lio, mas hoje celebramos J&uacute;lio Primeiro, Papa que dirigiu a Igreja desde 337 at&eacute; 352.<\/p>\n<p style=\"text-align: justify;\">J&uacute;lio era de origem romana, filho de um certo cidad&atilde;o chamado R&uacute;stico. Viveu no per&iacute;odo em que a Igreja respirava a liberdade religiosa concedida pelo imperador Constantino. Esta liberdade oferecia ao cristianismo melhores condi&ccedil;&otilde;es de vida e expans&atilde;o da religi&atilde;o. Por outro lado surgiram as primeiras heresias: donatismo, que pregava que somente santos podiam estar na igreja e o arianismo, que negava a divindade de Cristo. <br \/>Com a morte de Constantino, o arianismo come&ccedil;ou a crescer rapidamente. O Papa J&uacute;lio I, indo contra os poderosos que defendiam esta heresia, tomou a defesa e hospedou Atan&aacute;sio, o grande doutor da Igreja, aquele que era contra os hereges arianos, incentivando a fim desta heresia.<\/p>\n<p style=\"text-align: justify;\">O Papa J&uacute;lio I construiu v&aacute;rias igrejas em Roma: a dos Santos Ap&oacute;stolos, a da Sant&iacute;ssima Maria de Trast&eacute;veres, e mandou construir as igrejas de s&atilde;o Valentim, de S&atilde;o Calixto e de S&atilde;o F&eacute;lix. Cuidou da organiza&ccedil;&atilde;o eclesi&aacute;stica, e da catequese dos adultos e velhos. <\/p>\n<p>Ele morreu em 352, ap&oacute;s quinze anos de pontificado. Foi sepultado no cemit&eacute;rio de Calep&oacute;dio, na via Aur&eacute;lia, numa igreja que ele tamb&eacute;m havia mandado edificar e sua venera&ccedil;&atilde;o come&ccedil;ou entre os fi&eacute;is a partir do s&eacute;culo s&eacute;timo. <\/p>\n<p><strong>Reflex&atilde;o: <\/strong><br \/>Nossa Igreja mant&eacute;m sua unidade fundamental, mas aceita que haja um pluralidade de movimentos e pensamentos. Entretanto, quando a f&eacute; &eacute; amea&ccedil;ada, a Igreja &eacute; prudente em alertar os fi&eacute;is dos erros. O Arianismo foi uma erva daninha na f&eacute; da Igreja, pois pregava que Cristo n&atilde;o era divino. Contra este erro lutou J&uacute;lio I, o santo que hoje celebramos. Ser&aacute; que n&atilde;o existem pessoas que tentam colocar no nosso cora&ccedil;&atilde;o falsas id&eacute;ias sobre Deus? Pense nisso e fique atento! <\/p>\n<p><strong>Ora&ccedil;&atilde;o: <\/strong><br \/>Deus eterno e todo-poderoso, quiseste que S&atilde;o J&uacute;lio I governasse todo o vosso povo, servindo-o pela palavra e pelo exemplo. Guardai, por suas preces, os pastores de vossa Igreja e as ovelhas a eles confiadas, guiando-os no caminho da salva&ccedil;&atilde;o. Por Nosso Senhor Jesus Cristo, vosso filho, na unidade do Esp&iacute;rito Santo. Am&eacute;m.&nbsp;<\/p>\n<p style=\"text-align: justify;\">&nbsp;<\/p>\n<p style=\"text-align: right;\">Colabora&ccedil;&atilde;o: Padre Evaldo C&eacute;sar de Souza, CSsR<\/p>\n","protected":false},"excerpt":{"rendered":"<p>Na Igreja temos pelo menos nove santos com o nome de J&uacute;lio, mas hoje celebramos J&uacute;lio Primeiro, Papa que dirigiu a Igreja desde 337 at&eacute; 352. J&uacute;lio era de origem romana, filho de&#8230;<\/p>\n","protected":false},"author":1,"featured_media":3071,"comment_status":"open","ping_status":"open","sticky":false,"template":"","format":"standard","meta":[],"categories":[6],"tags":[],"_links":{"self":[{"href":"https:\/\/www.salvatorianas.org.br\/blog\/wp-json\/wp\/v2\/posts\/3070"}],"collection":[{"href":"https:\/\/www.salvatorianas.org.br\/blog\/wp-json\/wp\/v2\/posts"}],"about":[{"href":"https:\/\/www.salvatorianas.org.br\/blog\/wp-json\/wp\/v2\/types\/post"}],"author":[{"embeddable":true,"href":"https:\/\/www.salvatorianas.org.br\/blog\/wp-json\/wp\/v2\/users\/1"}],"replies":[{"embeddable":true,"href":"https:\/\/www.salvatorianas.org.br\/blog\/wp-json\/wp\/v2\/comments?post=3070"}],"version-history":[{"count":1,"href":"https:\/\/www.salvatorianas.org.br\/blog\/wp-json\/wp\/v2\/posts\/3070\/revisions"}],"predecessor-version":[{"id":9787,"href":"https:\/\/www.salvatorianas.org.br\/blog\/wp-json\/wp\/v2\/posts\/3070\/revisions\/9787"}],"wp:featuredmedia":[{"embeddable":true,"href":"https:\/\/www.salvatorianas.org.br\/blog\/wp-json\/wp\/v2\/media\/3071"}],"wp:attachment":[{"href":"https:\/\/www.salvatorianas.org.br\/blog\/wp-json\/wp\/v2\/media?parent=3070"}],"wp:term":[{"taxonomy":"category","embeddable":true,"href":"https:\/\/www.salvatorianas.org.br\/blog\/wp-json\/wp\/v2\/categories?post=3070"},{"taxonomy":"post_tag","embeddable":true,"href":"https:\/\/www.salvatorianas.org.br\/blog\/wp-json\/wp\/v2\/tags?post=3070"}],"curies":[{"name":"wp","href":"https:\/\/api.w.org\/{rel}","templated":true}]}}