{"id":3065,"date":"2024-04-15T00:00:00","date_gmt":"2024-04-15T00:00:00","guid":{"rendered":"https:\/\/www.salvatorianas.org.br\/blog\/?p=3065"},"modified":"2024-01-22T11:38:41","modified_gmt":"2024-01-22T11:38:41","slug":"nome-do-santo-8","status":"publish","type":"post","link":"https:\/\/www.salvatorianas.org.br\/blog\/nome-do-santo-8\/","title":{"rendered":"S\u00c3O CESAR DE BUS"},"content":{"rendered":"<div class=\"excerpt\">\n<p>C\u00e9sar de Bus nasceu em 1544 e desejava seguir a carreira militar, mas foi impedido por uma enfermidade que o atingiu de maneira fulminante. Foi essa ocasi\u00e3o que o aproximou do bispo de Cavaillon, cidadezinha da Proven\u00e7a.<br \/>\nAnimado por alguns amigos crist\u00e3os, entre eles alguns jesu\u00edtas e uma camponesa, ele reencontrou a religi\u00e3o e a vida crist\u00e3. N\u00e3o perdeu tempo: t\u00e3o logo se curou trocou de vida e se p\u00f4s a estudar para se tornar sacerdote. Enquanto se preparava come\u00e7ou a percorrer os s\u00edtios e fazendas ensinando o catecismo.<\/p>\n<p>Fundou, com o auxilio de um primo centros de instru\u00e7\u00e3o religiosa nos cantos mais escondidos e esquecidos, nos quais come\u00e7ou a experimentar novos m\u00e9todos de ensino da doutrina \u00e0s crian\u00e7as do meio rural.<br \/>\nC\u00e9sar de Bus tornou-se sacerdote aos trinta e oito anos de idade e j\u00e1 reunia em torno de si muitos jovens, formando uma comunidade que tomou o nome de Congrega\u00e7\u00e3o dos Padres da Doutrina Crist\u00e3, ou Doutrin\u00e1rios.<br \/>\nDepois de um longo per\u00edodo de sofrimento por uma enfermidade C\u00e9sar de Bus, morreu no dia 15 de abril de 1607.<\/p>\n<\/div>\n<div class=\"reflection\">\n<p><span class=\"title\"><i><\/i>\u00a0<strong>REFLEX\u00c3O:<\/strong><\/span><\/p>\n<p>Hoje celebramos um santo fundador de uma congrega\u00e7\u00e3o religiosa. Nossa Igreja \u00e9 muito aben\u00e7oada com carismas e dons do Esp\u00edrito e as fam\u00edlias religiosas nascem pela a\u00e7\u00e3o do Esp\u00edrito. Cada fundador pensa em um modo distinto de servir a Deus e a Igreja: uns dedicam-se aos doentes, outros \u00e0 miss\u00e3o, outros est\u00e3o ao lado dos pobres. Assim a Igreja se enriquece e enriquece a sociedade. Voc\u00ea conhece alguma congrega\u00e7\u00e3o religiosa? Existem alguma obra religiosa na sua cidade? Que tal procurar saber se esta obra n\u00e3o est\u00e1 precisando de sua colabora\u00e7\u00e3o?<\/p>\n<\/div>\n<div class=\"pray\">\n<p><span class=\"title\"><i><\/i><strong>ORA\u00c7\u00c3O:<\/strong><\/span><\/p>\n<p>Pai querido, hoje queremos rezar por todas as pessoas que se dedicam ao trabalho de evangeliza\u00e7\u00e3o pela doa\u00e7\u00e3o plena de suas vidas ao vosso Filho Jesus. Aben\u00e7oai todos os religiosos e religiosas e fazei brotar no campo do mundo mais voca\u00e7\u00f5es para vida consagrada. Por Cristo nosso Senhor am\u00e9m!<\/p>\n<h5 style=\"text-align: right;\">Colabora\u00e7\u00e3o: Padre Evaldo C\u00e9sar de Souza, CSsR<\/h5>\n<\/div>\n","protected":false},"excerpt":{"rendered":"<p>C\u00e9sar de Bus nasceu em 1544 e desejava seguir a carreira militar, mas foi impedido por uma enfermidade que o atingiu de maneira fulminante. Foi essa ocasi\u00e3o que o aproximou do bispo de&#8230;<\/p>\n","protected":false},"author":1,"featured_media":5595,"comment_status":"open","ping_status":"open","sticky":false,"template":"","format":"standard","meta":[],"categories":[6],"tags":[],"_links":{"self":[{"href":"https:\/\/www.salvatorianas.org.br\/blog\/wp-json\/wp\/v2\/posts\/3065"}],"collection":[{"href":"https:\/\/www.salvatorianas.org.br\/blog\/wp-json\/wp\/v2\/posts"}],"about":[{"href":"https:\/\/www.salvatorianas.org.br\/blog\/wp-json\/wp\/v2\/types\/post"}],"author":[{"embeddable":true,"href":"https:\/\/www.salvatorianas.org.br\/blog\/wp-json\/wp\/v2\/users\/1"}],"replies":[{"embeddable":true,"href":"https:\/\/www.salvatorianas.org.br\/blog\/wp-json\/wp\/v2\/comments?post=3065"}],"version-history":[{"count":2,"href":"https:\/\/www.salvatorianas.org.br\/blog\/wp-json\/wp\/v2\/posts\/3065\/revisions"}],"predecessor-version":[{"id":5598,"href":"https:\/\/www.salvatorianas.org.br\/blog\/wp-json\/wp\/v2\/posts\/3065\/revisions\/5598"}],"wp:featuredmedia":[{"embeddable":true,"href":"https:\/\/www.salvatorianas.org.br\/blog\/wp-json\/wp\/v2\/media\/5595"}],"wp:attachment":[{"href":"https:\/\/www.salvatorianas.org.br\/blog\/wp-json\/wp\/v2\/media?parent=3065"}],"wp:term":[{"taxonomy":"category","embeddable":true,"href":"https:\/\/www.salvatorianas.org.br\/blog\/wp-json\/wp\/v2\/categories?post=3065"},{"taxonomy":"post_tag","embeddable":true,"href":"https:\/\/www.salvatorianas.org.br\/blog\/wp-json\/wp\/v2\/tags?post=3065"}],"curies":[{"name":"wp","href":"https:\/\/api.w.org\/{rel}","templated":true}]}}