{"id":3064,"date":"2024-04-16T00:00:00","date_gmt":"2024-04-16T00:00:00","guid":{"rendered":"https:\/\/www.salvatorianas.org.br\/blog\/?p=3064"},"modified":"2024-01-22T11:38:38","modified_gmt":"2024-01-22T11:38:38","slug":"nome-do-santo-7","status":"publish","type":"post","link":"https:\/\/www.salvatorianas.org.br\/blog\/nome-do-santo-7\/","title":{"rendered":"SANTA BERNADETE SOUBIROUS"},"content":{"rendered":"<div class=\"excerpt\">\n<p>Bernardete nasceu no dia sete de janeiro de 1844, na cidade de Lourdes, uma regi\u00e3o montanhosa da Fran\u00e7a. Sua fam\u00edlia camponesa era numerosa, religiosa e muito pobre. Desde a inf\u00e2ncia, a pequena tinha problemas de sa\u00fade em conseq\u00fc\u00eancia da asma. Era analfabeta mas tinha aprendido a rezar o ter\u00e7o, o que fazia diariamente enquanto cuidava dos afazeres da casa.<br \/>\nNuma tarde \u00famida e fria, enquanto recolhia gravetos para a fogueira, Bernardete foi atra\u00edda por uma luz radiante. Era Nossa Senhora que a chamava para rezar. Era o dia 11 de fevereiro de 1858.<\/p>\n<p>Durante v\u00e1rios meses a Virgem Maria, Imaculada Concei\u00e7\u00e3o, apareceu para a menina, sempre pedindo que rezasse o ter\u00e7o em favor da humanidade. Apesar da honestidade da menina, a maioria das pessoas n\u00e3o acreditava na apari\u00e7\u00e3o, mas Bernardete ficava extasiada, rezando e conversando com Nossa Senhora.<\/p>\n<p>Bernadete chamava a aten\u00e7\u00e3o pela sua mod\u00e9stia, autenticidade e simplicidade. Compreendeu que tinha sido escolhida como instrumento para a mensagem que a Virgem queria transmitir ao mundo: a convers\u00e3o, a necessidade de rezar o ter\u00e7o e o amor pela \u201cImaculada Concei\u00e7\u00e3o&#8221;.<\/p>\n<p>Bernardete sofreu muito, mas sempre confiou-se a amor de Maria. Da gruta onde a Virgem aparecia, brotou uma fonte de \u00e1gua que jorra at\u00e9 hoje. O lugar tornou-se conhecido e converteu-se num dos maiores santu\u00e1rios marianos do mundo.<\/p>\n<p>Ingressou na congrega\u00e7\u00e3o das Irm\u00e3s de Caridade. Sempre bem humorada, trabalhou silenciosamente como enfermeira no interior do convento, depois foi sacrist\u00e3. Contudo, uma doen\u00e7a a obrigou viver nove anos numa cama, entre a vida e a morte.<\/p>\n<p>Rezava n\u00e3o para se livrar do sofrimento mas para ter paci\u00eancia e for\u00e7as para tudo suportar, pois queria se purificar para poder rever Nossa Senhora. Em 16 de abril de 1879, estando muito mal de sa\u00fade e tendo apenas 35 anos, exclamou emocionada: \u201cEu vi a Virgem. Sim, a vi, a vi! Que formosa era!\u201d E depois de alguns momentos de sil\u00eancio disse emocionada: \u201cRogai Senhora por esta pobre pecadora\u201d, e apertando o crucifixo sobre seu cora\u00e7\u00e3o faleceu. O Papa Pio XI a canonizou em 08 de dezembro de 1933, dia da Imaculada Concei\u00e7\u00e3o, designando sua festa para o dia de sua morte.<\/p>\n<\/div>\n<div class=\"reflection\">\n<p><strong><span class=\"title\">REFLEX\u00c3O:<\/span><\/strong><\/p>\n<p>Bernadete era uma jovenzinha quando encontrou-se com a Virgem Maria. Assim como Jesus, Maria fala aos pequeninos: \u201caproximem-se de mim e recebam o amor de Deus\u201d. Maria, m\u00e3e carinhosa, acolhe cada um de n\u00f3s com especial aten\u00e7\u00e3o, mas aos meninos e meninas ela dedica maior aten\u00e7\u00e3o, pois a fragilidade dos pequeninos exige maior dedica\u00e7\u00e3o da m\u00e3e. Hoje, celebrando a festa de santa Bernardete, queremos rezar pelas crian\u00e7as de todo o mundo, sobretudo por aquelas que s\u00e3o mais esquecidas e abandonadas. \u201cLevantai a vossa m\u00e3ozinha, Deus-Menino, e aben\u00e7oai estes vossos amiguinhos, aben\u00e7oai as crian\u00e7as de toda a terra\u201d.<\/p>\n<\/div>\n<div class=\"pray\">\n<p><span class=\"title\"><i><\/i><strong>ORA\u00c7\u00c3O:<\/strong><\/span><\/p>\n<p>\u00d3 Deus, concedei-nos, pelas preces de Santa Bernadete, a quem destes perseverar na imita\u00e7\u00e3o de Cristo pobre e humilde, seguir a nossa voca\u00e7\u00e3o com fidelidade e chegar \u00e0quela perfei\u00e7\u00e3o que nos propusestes em vosso Filho. Por Nosso Senhor Jesus Cristo, vosso filho, na unidade do Esp\u00edrito Santo. Am\u00e9m.<\/p>\n<h5 style=\"text-align: right;\">Colabora\u00e7\u00e3o: Padre Evaldo C\u00e9sar de Souza, CSsR<\/h5>\n<\/div>\n","protected":false},"excerpt":{"rendered":"<p>Bernardete nasceu no dia sete de janeiro de 1844, na cidade de Lourdes, uma regi\u00e3o montanhosa da Fran\u00e7a. Sua fam\u00edlia camponesa era numerosa, religiosa e muito pobre. Desde a inf\u00e2ncia, a pequena tinha&#8230;<\/p>\n","protected":false},"author":1,"featured_media":5600,"comment_status":"open","ping_status":"open","sticky":false,"template":"","format":"standard","meta":[],"categories":[6],"tags":[],"_links":{"self":[{"href":"https:\/\/www.salvatorianas.org.br\/blog\/wp-json\/wp\/v2\/posts\/3064"}],"collection":[{"href":"https:\/\/www.salvatorianas.org.br\/blog\/wp-json\/wp\/v2\/posts"}],"about":[{"href":"https:\/\/www.salvatorianas.org.br\/blog\/wp-json\/wp\/v2\/types\/post"}],"author":[{"embeddable":true,"href":"https:\/\/www.salvatorianas.org.br\/blog\/wp-json\/wp\/v2\/users\/1"}],"replies":[{"embeddable":true,"href":"https:\/\/www.salvatorianas.org.br\/blog\/wp-json\/wp\/v2\/comments?post=3064"}],"version-history":[{"count":2,"href":"https:\/\/www.salvatorianas.org.br\/blog\/wp-json\/wp\/v2\/posts\/3064\/revisions"}],"predecessor-version":[{"id":5601,"href":"https:\/\/www.salvatorianas.org.br\/blog\/wp-json\/wp\/v2\/posts\/3064\/revisions\/5601"}],"wp:featuredmedia":[{"embeddable":true,"href":"https:\/\/www.salvatorianas.org.br\/blog\/wp-json\/wp\/v2\/media\/5600"}],"wp:attachment":[{"href":"https:\/\/www.salvatorianas.org.br\/blog\/wp-json\/wp\/v2\/media?parent=3064"}],"wp:term":[{"taxonomy":"category","embeddable":true,"href":"https:\/\/www.salvatorianas.org.br\/blog\/wp-json\/wp\/v2\/categories?post=3064"},{"taxonomy":"post_tag","embeddable":true,"href":"https:\/\/www.salvatorianas.org.br\/blog\/wp-json\/wp\/v2\/tags?post=3064"}],"curies":[{"name":"wp","href":"https:\/\/api.w.org\/{rel}","templated":true}]}}