{"id":3063,"date":"2024-04-17T00:00:00","date_gmt":"2024-04-17T00:00:00","guid":{"rendered":"https:\/\/www.salvatorianas.org.br\/blog\/?p=3063"},"modified":"2024-01-22T11:38:35","modified_gmt":"2024-01-22T11:38:35","slug":"nome-do-santo-6","status":"publish","type":"post","link":"https:\/\/www.salvatorianas.org.br\/blog\/nome-do-santo-6\/","title":{"rendered":"SANTO ANICETO"},"content":{"rendered":"<div class=\"excerpt\">\n<p>Aniceto nasceu na S\u00edria e foi sucessor do Papa S\u00e3o Pio I, em 155, no tempo em que Ant\u00f4nio era o imperador romano. Al\u00e9m da persegui\u00e7\u00e3o do Imp\u00e9rio, o Papa Aniceto teve que enfrentar tamb\u00e9m cismas internos da igreja. Todos eles formaram seitas paralelas dentro do catolicismo, dividindo e confundindo os fi\u00e9is e at\u00e9 colocando-os contra a autoridade do Papa. Seu maior desafio foi o herege Marci\u00e3o, que pregava um espiritualismo vazio e hist\u00e9rico, e a quest\u00e3o da data para celebra\u00e7\u00e3o da P\u00e1scoa.<\/p>\n<p>Mas o Papa Aniceto tinha um auxiliar excepcional, o grande Policarpo, que o ajudou a enfrentar todas essas dificuldades. Policarpo exerceu tamb\u00e9m um papel fundamental para que pag\u00e3os se convertessem, por testemunhar que a Igreja de Roma era igual \u00e0 de Jerusal\u00e9m.<\/p>\n<p>Outro auxiliar foi Hegesipo, que escreveu um livro defendendo o Papa Aniceto e provando que ele, sim, seguia a doutrina crist\u00e3 correta, e n\u00e3o os integrantes das seitas paralelas.<br \/>\nO Papa Aniceto teve uma \u00e1rdua miss\u00e3o durante os quase onze anos de seu pontificado, morrendo no ano 166, quase aniquilado pela luta di\u00e1ria em favor da Igreja. O seu corpo foi sepultado nas escava\u00e7\u00f5es que depois se transformaram nas catacumbas de S\u00e3o Calixto.<\/p>\n<p><strong>REFLEX\u00c3O:<\/strong><\/p>\n<p><span style=\"font-size: 16px;\">\u00a0Santo Aniceto como Santo Papa e Pastor Fiel do Povo de Deus, procurou atrav\u00e9s do ensino da S\u00e3 Doutrina encaminhar todos para a Verdade. Sua luta em favor de uma religi\u00e3o santa e livre de erros o levou a consumir seus dias pelo Reino de Deus. Enfrentou heresias e ajudou a definir a data da celebra\u00e7\u00e3o da P\u00e1scoa. Dele aprendemos a seguran\u00e7a e a alegria em servir Jesus Cristo atrav\u00e9s de sua Igreja. &#8220;Se a perfeita intelig\u00eancia da Escritura, se a inoc\u00eancia e santidade de vida, se a gl\u00f3ria do mart\u00edrio, bastam, cada um de per si, para a imortalidade, o que devemos pensar do m\u00e9rito de Santo Aniceto, que possuiu todos esses dons?&#8221;<\/span><\/p>\n<\/div>\n<div class=\"pray\">\n<p><span class=\"title\"><strong>ORA\u00c7\u00c3O:<\/strong><\/span><\/p>\n<p>Deus, nosso Pai, atrav\u00e9s da Igreja chegou at\u00e9 n\u00f3s a vossa mensagem de salva\u00e7\u00e3o. \u00c9 esta a raz\u00e3o de nossa alegria: fundados na f\u00e9 recebida dos ap\u00f3stolos e animados pelo testemunho de vossos santos, queremos tornar vivas em n\u00f3s as palavras do ap\u00f3stolo. Pelo exemplo de S\u00e3o Aniceto, revesti-nos de sentimentos de compaix\u00e3o, de bondade, de humildade, mansid\u00e3o. Por suas preces, guardai os pastores de vossa Igreja e as ovelhas a eles confiadas, guiando-os no caminho da salva\u00e7\u00e3o. Por Nosso Senhor Jesus Cristo, vosso filho, na unidade do Esp\u00edrito Santo. Am\u00e9m.<\/p>\n<\/div>\n<h5 style=\"text-align: right;\">Colabora\u00e7\u00e3o: Padre Evaldo C\u00e9sar de Souza, CSsR<\/h5>\n","protected":false},"excerpt":{"rendered":"<p>Aniceto nasceu na S\u00edria e foi sucessor do Papa S\u00e3o Pio I, em 155, no tempo em que Ant\u00f4nio era o imperador romano. Al\u00e9m da persegui\u00e7\u00e3o do Imp\u00e9rio, o Papa Aniceto teve que&#8230;<\/p>\n","protected":false},"author":1,"featured_media":5603,"comment_status":"open","ping_status":"open","sticky":false,"template":"","format":"standard","meta":[],"categories":[6],"tags":[],"_links":{"self":[{"href":"https:\/\/www.salvatorianas.org.br\/blog\/wp-json\/wp\/v2\/posts\/3063"}],"collection":[{"href":"https:\/\/www.salvatorianas.org.br\/blog\/wp-json\/wp\/v2\/posts"}],"about":[{"href":"https:\/\/www.salvatorianas.org.br\/blog\/wp-json\/wp\/v2\/types\/post"}],"author":[{"embeddable":true,"href":"https:\/\/www.salvatorianas.org.br\/blog\/wp-json\/wp\/v2\/users\/1"}],"replies":[{"embeddable":true,"href":"https:\/\/www.salvatorianas.org.br\/blog\/wp-json\/wp\/v2\/comments?post=3063"}],"version-history":[{"count":2,"href":"https:\/\/www.salvatorianas.org.br\/blog\/wp-json\/wp\/v2\/posts\/3063\/revisions"}],"predecessor-version":[{"id":5604,"href":"https:\/\/www.salvatorianas.org.br\/blog\/wp-json\/wp\/v2\/posts\/3063\/revisions\/5604"}],"wp:featuredmedia":[{"embeddable":true,"href":"https:\/\/www.salvatorianas.org.br\/blog\/wp-json\/wp\/v2\/media\/5603"}],"wp:attachment":[{"href":"https:\/\/www.salvatorianas.org.br\/blog\/wp-json\/wp\/v2\/media?parent=3063"}],"wp:term":[{"taxonomy":"category","embeddable":true,"href":"https:\/\/www.salvatorianas.org.br\/blog\/wp-json\/wp\/v2\/categories?post=3063"},{"taxonomy":"post_tag","embeddable":true,"href":"https:\/\/www.salvatorianas.org.br\/blog\/wp-json\/wp\/v2\/tags?post=3063"}],"curies":[{"name":"wp","href":"https:\/\/api.w.org\/{rel}","templated":true}]}}