{"id":3062,"date":"2024-04-18T00:00:00","date_gmt":"2024-04-18T00:00:00","guid":{"rendered":"https:\/\/www.salvatorianas.org.br\/blog\/?p=3062"},"modified":"2024-01-22T11:38:33","modified_gmt":"2024-01-22T11:38:33","slug":"nome-do-santo-5","status":"publish","type":"post","link":"https:\/\/www.salvatorianas.org.br\/blog\/nome-do-santo-5\/","title":{"rendered":"S\u00c3O GALDINO"},"content":{"rendered":"<div class=\"excerpt\">\n<p>Galdino nasceu em 1096 e cresceu em Mil\u00e3o no in\u00edcio do s\u00e9culo doze. Tornou-se religioso, passando logo a auxiliar diretamente o arcebispo de Mil\u00e3o. Juntos enfrentaram um inimigo pesado, o antipapa Vitor IV, que era apoiado pelo Imperador Frederico, o Barbaroxa.<\/p>\n<p>Como Mil\u00e3o fazia oposi\u00e7\u00e3o, a cidade foi simplesmente arrasada em 1162. O arcebispo e Galdino s\u00f3 n\u00e3o morreram porque procuraram abrigo junto ao Papa oficial, Alexandre III.<br \/>\nCom o morte do arcebispo de Mil\u00e3o, o Papa n\u00e3o teve nenhuma d\u00favida em nomear o pr\u00f3prio Galdino e o consagrou bispo pessoalmente em 1166.<\/p>\n<p>Galdino n\u00e3o decepcionou sua diocese cat\u00f3lica. Praticava a caridade e instigava todos a faz\u00ea-lo igualmente. Pregava contra os hereges, convertia multid\u00f5es e socorria tamb\u00e9m os pobres que se encontravam presos por causa de d\u00edvidas.<\/p>\n<p>Galdino defendia seu povo e sua terra em tudo o que fosse preciso. Morreu em 1176, justamente no instante em que fazia um serm\u00e3o inflamado contra os inimigos da Igreja e da cidade. Quando terminou o serm\u00e3o emocionado, em frente a um grande n\u00famero de fi\u00e9is e religiosos, caiu morto de repente.<\/p>\n<p><strong>\u00a0REFLEX\u00c3O:<\/strong><\/p>\n<p><span style=\"font-size: 16px;\">\u00a0S\u00e3o Galdino foi um excelente pastor. Aos seu dotes intelectuais, somavam-se a sua caridade e a postura bondosa de interesse pelos pobres. Para estes, que tinham um cotidiano repleto de injusti\u00e7as e desgra\u00e7as, instituiu o que seria chamado de \u201cp\u00e3o de S\u00e3o Galdino\u201d, um projeto que levava alimento e orienta\u00e7\u00e3o espiritual aos pobres. Defendia arduamente os ensinamentos do evangelho, disparando o seu discurso caloroso contra aqueles que iam contra a Igreja e sua doutrina.<\/span><\/p>\n<\/div>\n<div class=\"pray\">\n<p><span class=\"title\"><i><\/i>ORA\u00c7\u00c3O:<\/span><\/p>\n<p>\u00d3 Deus que concedestes inumer\u00e1veis gra\u00e7as ao Vosso Servo S. Galdino, fazendo-o firme instrumento de Vossa caridade e fidelidade \u00e0 Santa Doutrina, permita-me, a mim tamb\u00e9m, ser mais fiel a Vos e a Igreja enchendo meu cora\u00e7\u00e3o de amor para com os pobres e necessitados. Por Nosso Senhor Jesus Cristo. Am\u00e9m.<\/p>\n<h5 style=\"text-align: right;\">Colabora\u00e7\u00e3o: Padre Evaldo C\u00e9sar de Souza, CSsR<\/h5>\n<\/div>\n","protected":false},"excerpt":{"rendered":"<p>Galdino nasceu em 1096 e cresceu em Mil\u00e3o no in\u00edcio do s\u00e9culo doze. Tornou-se religioso, passando logo a auxiliar diretamente o arcebispo de Mil\u00e3o. Juntos enfrentaram um inimigo pesado, o antipapa Vitor IV,&#8230;<\/p>\n","protected":false},"author":1,"featured_media":5606,"comment_status":"open","ping_status":"open","sticky":false,"template":"","format":"standard","meta":[],"categories":[6],"tags":[],"_links":{"self":[{"href":"https:\/\/www.salvatorianas.org.br\/blog\/wp-json\/wp\/v2\/posts\/3062"}],"collection":[{"href":"https:\/\/www.salvatorianas.org.br\/blog\/wp-json\/wp\/v2\/posts"}],"about":[{"href":"https:\/\/www.salvatorianas.org.br\/blog\/wp-json\/wp\/v2\/types\/post"}],"author":[{"embeddable":true,"href":"https:\/\/www.salvatorianas.org.br\/blog\/wp-json\/wp\/v2\/users\/1"}],"replies":[{"embeddable":true,"href":"https:\/\/www.salvatorianas.org.br\/blog\/wp-json\/wp\/v2\/comments?post=3062"}],"version-history":[{"count":2,"href":"https:\/\/www.salvatorianas.org.br\/blog\/wp-json\/wp\/v2\/posts\/3062\/revisions"}],"predecessor-version":[{"id":5607,"href":"https:\/\/www.salvatorianas.org.br\/blog\/wp-json\/wp\/v2\/posts\/3062\/revisions\/5607"}],"wp:featuredmedia":[{"embeddable":true,"href":"https:\/\/www.salvatorianas.org.br\/blog\/wp-json\/wp\/v2\/media\/5606"}],"wp:attachment":[{"href":"https:\/\/www.salvatorianas.org.br\/blog\/wp-json\/wp\/v2\/media?parent=3062"}],"wp:term":[{"taxonomy":"category","embeddable":true,"href":"https:\/\/www.salvatorianas.org.br\/blog\/wp-json\/wp\/v2\/categories?post=3062"},{"taxonomy":"post_tag","embeddable":true,"href":"https:\/\/www.salvatorianas.org.br\/blog\/wp-json\/wp\/v2\/tags?post=3062"}],"curies":[{"name":"wp","href":"https:\/\/api.w.org\/{rel}","templated":true}]}}