{"id":3061,"date":"2024-04-19T00:00:00","date_gmt":"2024-04-19T00:00:00","guid":{"rendered":"https:\/\/www.salvatorianas.org.br\/blog\/?p=3061"},"modified":"2024-01-22T11:38:30","modified_gmt":"2024-01-22T11:38:30","slug":"nome-do-santo-4","status":"publish","type":"post","link":"https:\/\/www.salvatorianas.org.br\/blog\/nome-do-santo-4\/","title":{"rendered":"SANTO EXPEDITO"},"content":{"rendered":"<div class=\"excerpt\">\n<p>Expedito, era chefe da Legi\u00e3o Romana numa das prov\u00edncias romanas da Arm\u00eania. Ocupava esse alto posto porque, o imperador Diocleciano, tinha-se mostrado, no come\u00e7o de seu reinado, favor\u00e1vel aos crist\u00e3os, confiando-lhes postos importantes na administra\u00e7\u00e3o e no ex\u00e9rcito.<\/p>\n<p>Santo Expedito estava \u00e0 frente de uma das mais gloriosas legi\u00f5es, encarregada de guardar as fronteiras orientais contra os ataques dos b\u00e1rbaros asi\u00e1ticos.<br \/>\n&#8220;Expedito&#8221; ficou sendo o nome do chefe, apelido dado por exprimir perfeitamente o tra\u00e7o dominante de seu car\u00e1ter: a presteza e a prontid\u00e3o com que agia e se portava ent\u00e3o, no cumprimento de seu dever de estado e, tamb\u00e9m, na defesa da religi\u00e3o que professava. Era assim que os romanos davam freq\u00fcentemente a certas pessoas um apelido, que designava um tra\u00e7o de seu car\u00e1ter.<\/p>\n<p>Desse modo, Expedito designa, para n\u00f3s, o chefe Legi\u00e3o Romana, martirizado com seus companheiros no dia 19 de abril de 303, sob as ordens do imperador Diocleciano. Seu nome, qualquer que seja a origem de sua significa\u00e7\u00e3o, \u00e9 suficiente para ser reconhecido no mundo crist\u00e3o, pois condiz, com a generosidade e com o ardor de seu car\u00e1ter, que fizeram desse militar um m\u00e1rtir.<br \/>\nDesde seu mart\u00edrio, Expedito tem se revelado um santo que continua atraindo devotos em todo o mundo. Al\u00e9m de padroeiro das causas urgentes, Santo Expedito tamb\u00e9m \u00e9 conhecido como padroeiro dos militares, dos estudantes e dos viajantes.<\/p>\n<p>Conta-se que, assim que resolveu se converter, uma tenta\u00e7\u00e3o se manifestou em forma de corvo. O animal gritava &#8220;Cr\u00e1s! Cr\u00e1s!&#8221;, que significa em latim &#8220;Amanh\u00e3! Amanh\u00e3!&#8221;. O que se esperava era que ele adiasse o batismo, mas Expedito teria pisoteado o corvo e gritado, de volta: &#8220;Hodie! Hodie!&#8221;, ou seja &#8220;Hoje! Hoje!&#8221;. E assim agiu.<\/p>\n<p><strong>\u00a0REFLEX\u00c3O:<\/strong><\/p>\n<p><span style=\"font-size: 16px;\">\u00a0No Brasil Santo Expedito \u00e9 invocado nos neg\u00f3cios, doen\u00e7as, for\u00e7as negativas e dif\u00edculdades da vida. Conhecido como &#8220;o santo das causas urgentes&#8221;. As imagens de Santo Expedito apresentam-no com traje de legion\u00e1rio, vestido de t\u00fanica curta e de manto. Em uma m\u00e3o sustenta uma palma e na outra uma cruz. Seguramente Santo Expedito \u00e9 um Santo que podemos invocar com toda confian\u00e7a nos &#8220;casos urgentes&#8221;, sendo numerosas as gra\u00e7as obtidas por intercess\u00e3o nessas circunst\u00e2ncias. Mas n\u00e3o devemos esquecer que o melhor culto que podemos tributar-lhe n\u00e3o \u00e9 somente invoc\u00e1-lo nos &#8220;casos urgentes&#8221;, e sim imit\u00e1-lo na pr\u00e1tica generosa da virtude e do cumprimento fiel de todas os deveres do nosso estado.<\/span><\/p>\n<\/div>\n<div class=\"pray\">\n<p><span class=\"title\"><i><\/i><strong>ORA\u00c7\u00c3O:<\/strong><\/span><\/p>\n<p>N\u00f3s V\u00f3s pedimos, Senhor, que orienteis, com Vossa gra\u00e7a, todos os nossos pensamentos, palavras e a\u00e7\u00f5es, para que eles encontrem em V\u00f3s, seu princ\u00edpio e sejam por intercess\u00e3o de Santo Expedito levados com coragem, fidelidade e prontid\u00e3o em tempo pr\u00f3prio e favor\u00e1vel, a bom e feliz fim. Por Nosso Senhor Jesus Cristo. Assim seja.<\/p>\n<h5 style=\"text-align: right;\">Colabora\u00e7\u00e3o: Padre Evaldo C\u00e9sar de Souza, CSsR<\/h5>\n<\/div>\n","protected":false},"excerpt":{"rendered":"<p>Expedito, era chefe da Legi\u00e3o Romana numa das prov\u00edncias romanas da Arm\u00eania. Ocupava esse alto posto porque, o imperador Diocleciano, tinha-se mostrado, no come\u00e7o de seu reinado, favor\u00e1vel aos crist\u00e3os, confiando-lhes postos importantes&#8230;<\/p>\n","protected":false},"author":1,"featured_media":5609,"comment_status":"open","ping_status":"open","sticky":false,"template":"","format":"standard","meta":[],"categories":[6],"tags":[],"_links":{"self":[{"href":"https:\/\/www.salvatorianas.org.br\/blog\/wp-json\/wp\/v2\/posts\/3061"}],"collection":[{"href":"https:\/\/www.salvatorianas.org.br\/blog\/wp-json\/wp\/v2\/posts"}],"about":[{"href":"https:\/\/www.salvatorianas.org.br\/blog\/wp-json\/wp\/v2\/types\/post"}],"author":[{"embeddable":true,"href":"https:\/\/www.salvatorianas.org.br\/blog\/wp-json\/wp\/v2\/users\/1"}],"replies":[{"embeddable":true,"href":"https:\/\/www.salvatorianas.org.br\/blog\/wp-json\/wp\/v2\/comments?post=3061"}],"version-history":[{"count":2,"href":"https:\/\/www.salvatorianas.org.br\/blog\/wp-json\/wp\/v2\/posts\/3061\/revisions"}],"predecessor-version":[{"id":5610,"href":"https:\/\/www.salvatorianas.org.br\/blog\/wp-json\/wp\/v2\/posts\/3061\/revisions\/5610"}],"wp:featuredmedia":[{"embeddable":true,"href":"https:\/\/www.salvatorianas.org.br\/blog\/wp-json\/wp\/v2\/media\/5609"}],"wp:attachment":[{"href":"https:\/\/www.salvatorianas.org.br\/blog\/wp-json\/wp\/v2\/media?parent=3061"}],"wp:term":[{"taxonomy":"category","embeddable":true,"href":"https:\/\/www.salvatorianas.org.br\/blog\/wp-json\/wp\/v2\/categories?post=3061"},{"taxonomy":"post_tag","embeddable":true,"href":"https:\/\/www.salvatorianas.org.br\/blog\/wp-json\/wp\/v2\/tags?post=3061"}],"curies":[{"name":"wp","href":"https:\/\/api.w.org\/{rel}","templated":true}]}}