{"id":3060,"date":"2024-04-20T00:00:00","date_gmt":"2024-04-20T00:00:00","guid":{"rendered":"https:\/\/www.salvatorianas.org.br\/blog\/?p=3060"},"modified":"2024-01-22T11:38:26","modified_gmt":"2024-01-22T11:38:26","slug":"nome-do-santo-3","status":"publish","type":"post","link":"https:\/\/www.salvatorianas.org.br\/blog\/nome-do-santo-3\/","title":{"rendered":"SANTO ANTONINO"},"content":{"rendered":"<div class=\"excerpt\">\n<p>Antonino nasceu em Floren\u00e7a. O diminutivo de seu nome surgiu por causa de sua estrutura f\u00edsica fr\u00e1gil e pequena. Ainda jovem, com dezesseis anos, resolveu tornar-se dominicano. Fez seus estudos com zelo e cultiva uma espiritualidade profunda. Santo Antonino foi homem de grande cultura e de virtude.<\/p>\n<p>Fez padre na ordem dos pregadores e veio a tornar-se Arcebispo da cidade italiana de Floren\u00e7a. Antes de sua posse, Antonino fugiu para n\u00e3o ter que assumir o cargo, mas foi encontrado e teve que aceit\u00e1-lo. Revelou-se um grande arcebispo, cheio de zelo e esp\u00edrito apost\u00f3lico.<\/p>\n<p>Mesmo como Bispo, Antonino mant\u00e9m sua vida de ora\u00e7\u00e3o e austeridade. Apesar da seriedade com que vivia sua consagra\u00e7\u00e3o, Antonino era doce e bondoso com todos os que o procuravam.<br \/>\nFoi ele o fundador do convento de S\u00e3o Marcos em Floren\u00e7a e incentivou a execu\u00e7\u00e3o dos afrescos de Fra Ang\u00e9lico, marcados por raro valor art\u00edstico. O povo costumava cham\u00e1-lo de &#8220;Antonino dos Bons Conselhos&#8221;. O convento de S\u00e3o Marcos abriu a primeira biblioteca p\u00fablica da hist\u00f3ria<\/p>\n<p>Combateu o paganismo renascentista e defendeu o Papado no Conc\u00edlio de Basil\u00e9ia. Sua forma\u00e7\u00e3o em direito can\u00f4nico o fez conhecido em Roma como consultor dos bispos. Deixou escritos teol\u00f3gicos de valor. Tal era sua fama de santidade no tempo em que vivia que, certa vez, o Papa Nicolau Quinto declarou que o julgava digno de ser canonizado ainda vivo.<br \/>\nFaleceu em 1459, sendo imediatamente venerado pelo povo.<\/p>\n<\/div>\n<div class=\"reflection\">\n<p><span class=\"title\"><i><\/i><strong>\u00a0REFLEX\u00c3O:<\/strong><\/span><\/p>\n<p>Deus sempre foi o centro da vida de Antonino. Viveu o seguimento de Cristo com absoluta fidelidade, destacando-se como um homem de ora\u00e7\u00e3o intensa, amigo da Eucaristia e da Virgem Maria. Foi agraciado com o dom do conselho e soube us\u00e1-lo para o crescimento pessoal do seu rebanho. Pe\u00e7amos a Deus que nos conceda tamb\u00e9m o dom de ouvir e aconselhar as pessoas que porventura nos procurem para abrir seu cora\u00e7\u00e3o em busca de paz e tranq\u00fcilidade.<\/p>\n<\/div>\n<div class=\"pray\">\n<p><span class=\"title\"><i><\/i><strong>ORA\u00c7\u00c3O:<\/strong><\/span><\/p>\n<p>Santo Antonino de Floren\u00e7a que soubestes acolher finalmente \u00e0 miss\u00e3o que Deus vos designara, que fostes um santo em vida e jamais recusastes os s\u00e1bios conselhos como a maior prova de amor para com vosso semelhantes, intercedei junto a Deus por n\u00f3s, para que o Esp\u00edrito Santo de Deus assopre s\u00e1bios conselhos a todos aqueles que se disp\u00f5e a aconselhar. Que digamos sim aos chamados de Deus com docilidade e amor e sempre constantes \u00e0 f\u00e9 que, pela miseric\u00f3rdia de Deus, abra\u00e7amos. Por Cristo Nosso Senhor. Am\u00e9m.<\/p>\n<h5 style=\"text-align: right;\">Colabora\u00e7\u00e3o: Padre Evaldo C\u00e9sar de Souza, CSsR<\/h5>\n<\/div>\n","protected":false},"excerpt":{"rendered":"<p>Antonino nasceu em Floren\u00e7a. O diminutivo de seu nome surgiu por causa de sua estrutura f\u00edsica fr\u00e1gil e pequena. Ainda jovem, com dezesseis anos, resolveu tornar-se dominicano. Fez seus estudos com zelo e&#8230;<\/p>\n","protected":false},"author":1,"featured_media":5612,"comment_status":"open","ping_status":"open","sticky":false,"template":"","format":"standard","meta":[],"categories":[6],"tags":[],"_links":{"self":[{"href":"https:\/\/www.salvatorianas.org.br\/blog\/wp-json\/wp\/v2\/posts\/3060"}],"collection":[{"href":"https:\/\/www.salvatorianas.org.br\/blog\/wp-json\/wp\/v2\/posts"}],"about":[{"href":"https:\/\/www.salvatorianas.org.br\/blog\/wp-json\/wp\/v2\/types\/post"}],"author":[{"embeddable":true,"href":"https:\/\/www.salvatorianas.org.br\/blog\/wp-json\/wp\/v2\/users\/1"}],"replies":[{"embeddable":true,"href":"https:\/\/www.salvatorianas.org.br\/blog\/wp-json\/wp\/v2\/comments?post=3060"}],"version-history":[{"count":2,"href":"https:\/\/www.salvatorianas.org.br\/blog\/wp-json\/wp\/v2\/posts\/3060\/revisions"}],"predecessor-version":[{"id":5613,"href":"https:\/\/www.salvatorianas.org.br\/blog\/wp-json\/wp\/v2\/posts\/3060\/revisions\/5613"}],"wp:featuredmedia":[{"embeddable":true,"href":"https:\/\/www.salvatorianas.org.br\/blog\/wp-json\/wp\/v2\/media\/5612"}],"wp:attachment":[{"href":"https:\/\/www.salvatorianas.org.br\/blog\/wp-json\/wp\/v2\/media?parent=3060"}],"wp:term":[{"taxonomy":"category","embeddable":true,"href":"https:\/\/www.salvatorianas.org.br\/blog\/wp-json\/wp\/v2\/categories?post=3060"},{"taxonomy":"post_tag","embeddable":true,"href":"https:\/\/www.salvatorianas.org.br\/blog\/wp-json\/wp\/v2\/tags?post=3060"}],"curies":[{"name":"wp","href":"https:\/\/api.w.org\/{rel}","templated":true}]}}