{"id":3059,"date":"2024-04-21T00:00:00","date_gmt":"2024-04-21T00:00:00","guid":{"rendered":"https:\/\/www.salvatorianas.org.br\/blog\/?p=3059"},"modified":"2024-01-22T11:38:21","modified_gmt":"2024-01-22T11:38:21","slug":"nome-do-santo-2","status":"publish","type":"post","link":"https:\/\/www.salvatorianas.org.br\/blog\/nome-do-santo-2\/","title":{"rendered":"SANTO ANSELMO"},"content":{"rendered":"<div class=\"excerpt\">\n<p>Anselmo nasceu em Aosta, no norte da It\u00e1lia, em 1033. Seu pai queria projetar seu filho na vida da nobreza e sonhava para ele uma carreira promissora. Quando soube do desejo de Anselmo em fazer padre, op\u00f5e-se radicalmente. Como Anselmo perdera a m\u00e3e muito cedo, e tinha um cora\u00e7\u00e3o doce e manso, fez a vontade do pai at\u00e9 os vinte anos.<\/p>\n<p>Mas na flor da juventude, Anselmo fugiu de casa, para poder se tornar um religioso. Ele queria dedicar-se de corpo e alma \u00e0 sua f\u00e9, contr\u00e1ria \u00e0 vida mundana de festas em meio ao luxo e \u00e0 riqueza.<br \/>\nViajou pela Fran\u00e7a at\u00e9 chegar \u00e0 Normandia, onde se entregou aos estudos religiosos, sob a orienta\u00e7\u00e3o do monge Lanfranco. Em pouco tempo ordenou-se e formou-se te\u00f3logo. Logo foi eleito abade do mosteiro e professor.<\/p>\n<p>Passou ent\u00e3o a pregar pelas redondezas e, como o cargo o permitia, come\u00e7ou a implanta\u00e7\u00e3o de uma grande reforma mon\u00e1stica. Foram tantos os escritos deixados por ele que \u00e9 considerado o fundador da ci\u00eancia teol\u00f3gica no ocidente. Anselmo defendia a capacidade da raz\u00e3o humana para investigar os mist\u00e9rios divinos. Prop\u00f4s a prova da exist\u00eancia de Deus: se temos a id\u00e9ia de um ser perfeito, a perfei\u00e7\u00e3o absoluta existe, logo o ser perfeito existe. A ess\u00eancia da reden\u00e7\u00e3o acha-se na uni\u00e3o do indiv\u00edduo com Cristo na eucaristia. E o batismo abre o caminho para essa uni\u00e3o.<\/p>\n<p>Chegou a arcebispo-primaz da Inglaterra. Conta-se que enfrentou duras persegui\u00e7\u00f5es do rei Guilherme, o Vermelho, e de Henrique Primeiro. Mas, tinha a fala t\u00e3o mansa e argumentos t\u00e3o pac\u00edficos que com eles desarmava seus inimigos e virava o jogo a seu favor.<br \/>\nAnselmo morreu em Cantu\u00e1ria, com setenta e seis anos, em 1109 e foi declarado &#8220;Doutor da Igreja&#8221; pelo Papa Clemente XI, em 1720.<\/p>\n<p><strong>\u00a0REFLEX\u00c3O:<\/strong><\/p>\n<p><span style=\"font-size: 16px;\">\u00a0De Santo Anselmo temos a seguinte afirma\u00e7\u00e3o: \u201cEia, vamos homem! Foge por um pouco \u00e0s tuas ocupa\u00e7\u00f5es, esconde-te dos teus pensamentos tumultuados, afasta as tuas graves preocupa\u00e7\u00f5es e deixa de lado as tuas trabalhosas inquietudes. Busca, por ma momento, a Deus, e descansa um pouco nele. Entra no esconderijo da tua mente, aparta-te de tudo, exceto de Deus e daquilo que pode levar-te a ele, e, fechada a porta, procura-o. Abre a ele todo o teu cora\u00e7\u00e3o e dize-lhe: &#8220;Quero teu rosto; busco com ardor teu rosto, \u00f3 Senhor.&#8221;<\/span><\/p>\n<\/div>\n<div class=\"pray\">\n<p><span class=\"title\"><i><\/i><strong>ORA\u00c7\u00c3O:<\/strong><\/span><\/p>\n<p>&#8220;Verdadeiramente, Senhor, \u00e9 inacess\u00edvel a luz em que habitas; verdadeiramente ningu\u00e9m pode penetrar nessa luz e ver-te de modo perfeito &#8230; Pe\u00e7o-te, meu Deus, que te conhe\u00e7a, que te ame, para que encontre em ti meu gozo &#8230; Que minha alma sinta fome dessa felicidade, que meu corpo sinta sede dela, que a deseje todo meu ser, at\u00e9 que chegue a penetrar no gozo do Senhor, \u00f3 Deus trino e uno, que \u00e9 bendito pelos s\u00e9culos. Am\u00e9m.&#8221;<\/p>\n<h5 style=\"text-align: right;\">Colabora\u00e7\u00e3o: Padre Evaldo C\u00e9sar de Souza, CSsR<\/h5>\n<\/div>\n","protected":false},"excerpt":{"rendered":"<p>Anselmo nasceu em Aosta, no norte da It\u00e1lia, em 1033. Seu pai queria projetar seu filho na vida da nobreza e sonhava para ele uma carreira promissora. Quando soube do desejo de Anselmo&#8230;<\/p>\n","protected":false},"author":1,"featured_media":5614,"comment_status":"open","ping_status":"open","sticky":false,"template":"","format":"standard","meta":[],"categories":[6],"tags":[],"_links":{"self":[{"href":"https:\/\/www.salvatorianas.org.br\/blog\/wp-json\/wp\/v2\/posts\/3059"}],"collection":[{"href":"https:\/\/www.salvatorianas.org.br\/blog\/wp-json\/wp\/v2\/posts"}],"about":[{"href":"https:\/\/www.salvatorianas.org.br\/blog\/wp-json\/wp\/v2\/types\/post"}],"author":[{"embeddable":true,"href":"https:\/\/www.salvatorianas.org.br\/blog\/wp-json\/wp\/v2\/users\/1"}],"replies":[{"embeddable":true,"href":"https:\/\/www.salvatorianas.org.br\/blog\/wp-json\/wp\/v2\/comments?post=3059"}],"version-history":[{"count":2,"href":"https:\/\/www.salvatorianas.org.br\/blog\/wp-json\/wp\/v2\/posts\/3059\/revisions"}],"predecessor-version":[{"id":5616,"href":"https:\/\/www.salvatorianas.org.br\/blog\/wp-json\/wp\/v2\/posts\/3059\/revisions\/5616"}],"wp:featuredmedia":[{"embeddable":true,"href":"https:\/\/www.salvatorianas.org.br\/blog\/wp-json\/wp\/v2\/media\/5614"}],"wp:attachment":[{"href":"https:\/\/www.salvatorianas.org.br\/blog\/wp-json\/wp\/v2\/media?parent=3059"}],"wp:term":[{"taxonomy":"category","embeddable":true,"href":"https:\/\/www.salvatorianas.org.br\/blog\/wp-json\/wp\/v2\/categories?post=3059"},{"taxonomy":"post_tag","embeddable":true,"href":"https:\/\/www.salvatorianas.org.br\/blog\/wp-json\/wp\/v2\/tags?post=3059"}],"curies":[{"name":"wp","href":"https:\/\/api.w.org\/{rel}","templated":true}]}}