{"id":3057,"date":"2024-04-22T00:00:00","date_gmt":"2024-04-22T00:00:00","guid":{"rendered":"https:\/\/www.salvatorianas.org.br\/blog\/?p=3057"},"modified":"2024-01-22T11:38:19","modified_gmt":"2024-01-22T11:38:19","slug":"nome-do-santo","status":"publish","type":"post","link":"https:\/\/www.salvatorianas.org.br\/blog\/nome-do-santo\/","title":{"rendered":"S\u00c3O CAIO"},"content":{"rendered":"<div class=\"excerpt\">\n<p>Papa Caio nasceu na Dalm\u00e1cia, de fam\u00edlia crist\u00e3 da nobreza romana, parente distante do Imperador Diocleciano. Caio foi eleito no dia 17 de dezembro de 283. Governou a Igreja durante treze anos, num per\u00edodo de tr\u00e9gua nas persegui\u00e7\u00f5es.<\/p>\n<p>Antes de sua elei\u00e7\u00e3o, o Papa Caio transformou sua casa em igreja. L\u00e1, ouviam os aflitos, os pecadores; auxiliavam os pobres e doentes; celebravam as missas, distribu\u00edam a eucaristia e ministrados os sacramentos do batismo e do casamento.<\/p>\n<p>O grande contratempo enfrentado pelo Papa Caio se deu no \u00e2mbito interno do pr\u00f3prio clero, devido a crescente multiplica\u00e7\u00e3o de heresias, criando uma grande confus\u00e3o entre os devotos crist\u00e3os.<\/p>\n<p>N\u00f3s sabemos, pelos escritos da Igreja, que apesar do seu parentesco com o imperador, o Papa se recusou a ajudar Diocleciano, que pretendia receber a sobrinha dele como sua futura nora. A ira do soberano mandou matar todos os crist\u00e3os, come\u00e7ando pelo seu parente Caio.<\/p>\n<p>Papa Caio morreu decapitado em 22 de abril de 296. A Igreja confirmou a sua santifica\u00e7\u00e3o e o seu mart\u00edrio. As suas rel\u00edquias foram depositadas primeiro no cemit\u00e9rio de S\u00e3o Calixto. Depois foram trasladadas para a igreja que foi erguida no local da casa onde ele viveu, em Roma.<\/p>\n<p><strong>\u00a0REFLEX\u00c3O:<\/strong><\/p>\n<p><span style=\"font-size: 16px;\">\u00a0Hoje mais uma vez fazemos mem\u00f3ria de um pastor da Igreja que soube dedicar-se \u00e0 miss\u00e3o de fazer o Cristo conhecido e amado. S\u00e3o Caio foi um homem do seu tempo, alegre e lutador. Sua posi\u00e7\u00e3o na c\u00e1tedra de Pedro n\u00e3o lhe tirou sua humildade e caridade com os mais pequenos. Voltemos hoje nossas ora\u00e7\u00f5es para os l\u00edderes de nossas comunidades, pedindo que Deus os cumule de sabedoria e simplicidade, para que a Igreja seja marcada pelo profundo respeito entre os homens e mulheres.<\/span><\/p>\n<\/div>\n<div class=\"pray\">\n<p><span class=\"title\"><i><\/i><strong>ORA\u00c7\u00c3O:<\/strong><\/span><\/p>\n<p>Deus eterno e todo-poderoso, quiseste que S\u00e3o Caio governasse todo o vosso povo, servindo-o pela palavra e pelo exemplo. Guardai, por suas preces, os pastores de vossa Igreja e as ovelhas a eles confiadas, guiando-os no caminho da salva\u00e7\u00e3o. Por Nosso Senhor Jesus Cristo, vosso filho, na unidade do Esp\u00edrito Santo. Am\u00e9m.<\/p>\n<h5 style=\"text-align: right;\">Colabora\u00e7\u00e3o: Padre Evaldo C\u00e9sar de Souza, CSsR<\/h5>\n<\/div>\n","protected":false},"excerpt":{"rendered":"<p>Papa Caio nasceu na Dalm\u00e1cia, de fam\u00edlia crist\u00e3 da nobreza romana, parente distante do Imperador Diocleciano. Caio foi eleito no dia 17 de dezembro de 283. Governou a Igreja durante treze anos, num&#8230;<\/p>\n","protected":false},"author":1,"featured_media":5618,"comment_status":"open","ping_status":"open","sticky":false,"template":"","format":"standard","meta":[],"categories":[6],"tags":[],"_links":{"self":[{"href":"https:\/\/www.salvatorianas.org.br\/blog\/wp-json\/wp\/v2\/posts\/3057"}],"collection":[{"href":"https:\/\/www.salvatorianas.org.br\/blog\/wp-json\/wp\/v2\/posts"}],"about":[{"href":"https:\/\/www.salvatorianas.org.br\/blog\/wp-json\/wp\/v2\/types\/post"}],"author":[{"embeddable":true,"href":"https:\/\/www.salvatorianas.org.br\/blog\/wp-json\/wp\/v2\/users\/1"}],"replies":[{"embeddable":true,"href":"https:\/\/www.salvatorianas.org.br\/blog\/wp-json\/wp\/v2\/comments?post=3057"}],"version-history":[{"count":2,"href":"https:\/\/www.salvatorianas.org.br\/blog\/wp-json\/wp\/v2\/posts\/3057\/revisions"}],"predecessor-version":[{"id":5619,"href":"https:\/\/www.salvatorianas.org.br\/blog\/wp-json\/wp\/v2\/posts\/3057\/revisions\/5619"}],"wp:featuredmedia":[{"embeddable":true,"href":"https:\/\/www.salvatorianas.org.br\/blog\/wp-json\/wp\/v2\/media\/5618"}],"wp:attachment":[{"href":"https:\/\/www.salvatorianas.org.br\/blog\/wp-json\/wp\/v2\/media?parent=3057"}],"wp:term":[{"taxonomy":"category","embeddable":true,"href":"https:\/\/www.salvatorianas.org.br\/blog\/wp-json\/wp\/v2\/categories?post=3057"},{"taxonomy":"post_tag","embeddable":true,"href":"https:\/\/www.salvatorianas.org.br\/blog\/wp-json\/wp\/v2\/tags?post=3057"}],"curies":[{"name":"wp","href":"https:\/\/api.w.org\/{rel}","templated":true}]}}