{"id":2996,"date":"2024-05-25T00:00:00","date_gmt":"2024-05-25T00:00:00","guid":{"rendered":"https:\/\/www.salvatorianas.org.br\/blog\/?p=2996"},"modified":"2024-01-22T11:36:42","modified_gmt":"2024-01-22T11:36:42","slug":"sao-gregorio-setimo","status":"publish","type":"post","link":"https:\/\/www.salvatorianas.org.br\/blog\/sao-gregorio-setimo\/","title":{"rendered":"S\u00c3O GREG\u00d3RIO S\u00c9TIMO"},"content":{"rendered":"<p class=\"excerpt\">\n<p>Hildebrando, o futuro papa Greg&oacute;rio VII, nasceu numa fam&iacute;lia pobre na It&aacute;lia, em 1020. Fez-se beneditino no mosteiro de Cluny. Nos estudos destacou-se pela intelig&ecirc;ncia e a firmeza na f&eacute;. Tornou-se o di&aacute;cono auxiliar direto dos Papas Le&atilde;o IX e Alexandre II, alcan&ccedil;ando respeito e enorme prest&iacute;gio no col&eacute;gio cardinal&iacute;cio. Assim, quando faleceu o Papa Alexandre II, em 1073, foi aclamado Papa pelo povo e pelo clero. Assumiu o nome de Greg&oacute;rio VII e deu in&iacute;cio &agrave; luta incans&aacute;vel para implantar a &#8220;reforma gregoriana&#8221;. H&aacute; tempos que a decad&ecirc;ncia de costumes atingia o pr&oacute;prio cristianismo. A mistura do poder terreno com os cargos eclesi&aacute;sticos fazia enorme estrago no clero. As investiduras, que consistiam no ato jur&iacute;dico pelo qual o rei ou nobre confiava a uma autoridade eclesi&aacute;stica um cargo da Igreja com jurisdi&ccedil;&atilde;o sobre um territ&oacute;rio, obrigava os eclesi&aacute;sticos a prestar juramento de fidelidade ao rei ou aos nobres. Foi com Henrique VI, imperador germ&acirc;nico, que Greg&oacute;rio travou a maior luta. Diante da rudeza de Henrique VI, o Papa n&atilde;o teve d&uacute;vidas: excomungou o imperador. Tal foi a press&atilde;o sobre Henrique IV, que o tirano teve que se humilhar e pedir perd&atilde;o, em 1077, para anular a excomunh&atilde;o, num evento famoso que ficou conhecido como &#8220;o epis&oacute;dio de Canossa&#8221;. Pouco tempo depois o imperador saboreou sua vingan&ccedil;a, depondo o Papa Greg&oacute;rio VII e nomeando um antipapa, Clemente III. Mesmo assim Papa Greg&oacute;rio VII continuou com as reformas, enfrentando a ira do governante. Foi ent&atilde;o exilado em Salerno, onde morreu m&aacute;rtir de suas reformas no dia 25 de maio de 1085, com sessenta e cinco anos.<\/p>\n<\/p>\n<p class=\"reflection\">\n<p><strong><span class=\"title\">Reflex&atilde;o:<\/span><\/strong>&nbsp;A &uacute;ltima frase do papa Greg&oacute;rio VII, &agrave; beira da morte, retrata a s&iacute;ntese de sua exist&ecirc;ncia: &#8220;Amei a justi&ccedil;a, odiei a iniq&uuml;idade e, por isso, morro no ex&iacute;lio&#8221;. Num tempo de brigas pol&iacute;ticas e religiosas. Greg&oacute;rio soube assumir sua posi&ccedil;&atilde;o de defensor de f&eacute; e morreu exilado pelo amor ao Cristo. Estamos n&oacute;s, crist&atilde;os do s&eacute;culo XXI, lutando pela justi&ccedil;a e pelo direito daqueles que n&atilde;o tem voz?<\/p>\n<\/p>\n<p class=\"pray\">\n<p><strong><span class=\"title\">Ora&ccedil;&atilde;o:<\/span><\/strong>&nbsp;Deus eterno e todo-poderoso, quiseste que S&atilde;o Greg&oacute;rio VII governasse todo o vosso povo, servindo-o pela palavra e pelo exemplo. Guardai, por suas preces, os pastores de vossa Igreja e as ovelhas a eles confiadas, guiando-os no caminho da salva&ccedil;&atilde;o. Por Nosso Senhor Jesus Cristo, vosso filho, na unidade do Esp&iacute;rito Santo. Am&eacute;m.<\/p><\/p>\n","protected":false},"excerpt":{"rendered":"<p>Hildebrando, o futuro papa Greg&oacute;rio VII, nasceu numa fam&iacute;lia pobre na It&aacute;lia, em 1020. Fez-se beneditino no mosteiro de Cluny. Nos estudos destacou-se pela intelig&ecirc;ncia e a firmeza na f&eacute;. Tornou-se o di&aacute;cono&#8230;<\/p>\n","protected":false},"author":1,"featured_media":2998,"comment_status":"open","ping_status":"open","sticky":false,"template":"","format":"standard","meta":[],"categories":[6],"tags":[],"_links":{"self":[{"href":"https:\/\/www.salvatorianas.org.br\/blog\/wp-json\/wp\/v2\/posts\/2996"}],"collection":[{"href":"https:\/\/www.salvatorianas.org.br\/blog\/wp-json\/wp\/v2\/posts"}],"about":[{"href":"https:\/\/www.salvatorianas.org.br\/blog\/wp-json\/wp\/v2\/types\/post"}],"author":[{"embeddable":true,"href":"https:\/\/www.salvatorianas.org.br\/blog\/wp-json\/wp\/v2\/users\/1"}],"replies":[{"embeddable":true,"href":"https:\/\/www.salvatorianas.org.br\/blog\/wp-json\/wp\/v2\/comments?post=2996"}],"version-history":[{"count":1,"href":"https:\/\/www.salvatorianas.org.br\/blog\/wp-json\/wp\/v2\/posts\/2996\/revisions"}],"predecessor-version":[{"id":9807,"href":"https:\/\/www.salvatorianas.org.br\/blog\/wp-json\/wp\/v2\/posts\/2996\/revisions\/9807"}],"wp:featuredmedia":[{"embeddable":true,"href":"https:\/\/www.salvatorianas.org.br\/blog\/wp-json\/wp\/v2\/media\/2998"}],"wp:attachment":[{"href":"https:\/\/www.salvatorianas.org.br\/blog\/wp-json\/wp\/v2\/media?parent=2996"}],"wp:term":[{"taxonomy":"category","embeddable":true,"href":"https:\/\/www.salvatorianas.org.br\/blog\/wp-json\/wp\/v2\/categories?post=2996"},{"taxonomy":"post_tag","embeddable":true,"href":"https:\/\/www.salvatorianas.org.br\/blog\/wp-json\/wp\/v2\/tags?post=2996"}],"curies":[{"name":"wp","href":"https:\/\/api.w.org\/{rel}","templated":true}]}}