{"id":289,"date":"2017-09-12T00:00:00","date_gmt":"2017-09-12T00:00:00","guid":{"rendered":"https:\/\/www.salvatorianas.org.br\/blog\/celebracoes-de-abertura-do-ano-centenario-de-pe-jordan\/"},"modified":"2018-04-15T16:29:05","modified_gmt":"2018-04-15T16:29:05","slug":"celebracoes-de-abertura-do-ano-centenario-de-pe-jordan","status":"publish","type":"post","link":"https:\/\/www.salvatorianas.org.br\/blog\/celebracoes-de-abertura-do-ano-centenario-de-pe-jordan\/","title":{"rendered":"Celebra\u00e7\u00f5es de Abertura do Ano Centen\u00e1rio de Pe. Jordan"},"content":{"rendered":"<p>&nbsp;<\/p>\n<p>&nbsp;<\/p>\n<p class=\"MsoNormal\" style=\"text-align: justify;\">A Fam\u00edlia Salvatoriana em todo omundo est\u00e1 celebrando o \u201cAno Centen\u00e1rio de Padre Jordan\u201d, que teve in\u00edcio em 08de setembro de 2017, Festa da Natividade de Nossa Senhora e data que celebramosa morte\/ressurrei\u00e7\u00e3o do Vener\u00e1vel Padre Jordan e se concluir\u00e1 em 08 de setembrode 2018. Salvatorianas\/os do Brasil celebraram com alegria a abertura destegrandioso Ano Centen\u00e1rio de Padre Jordan.<\/p>\n<p class=\"MsoNormal\" style=\"text-align: center;\"><b>PAR\u00d3QUIA IMACULADA CONCEI\u00c7\u00c3O \u2013 VIDEIRA \u2013 SC<\/b><\/p>\n<p><img decoding=\"async\" class=\"aligncenter\" src=\"https:\/\/i2.wp.com\/paroquiavideira.org\/wp-content\/uploads\/2017\/10\/Abertura-1.jpg?resize=900%2C600\" \/><\/p>\n<p class=\"MsoNormal\" style=\"text-align: justify;\">Na Quinta-Feira (7), na Igreja Matriz de Videira o bispo Diocesano Dom Frei Severino Clasen celebrou com toda a comunidade a &#8220;Abertura do ano Salvatoriano&#8221; na tradicional novena que \u00e9 realizada semanalmente. Durante a Santa Missa, Dom Frei Severino enalteceu a import\u00e2ncia da presen\u00e7a da Fam\u00edlia Salvatoriana para a cidade e a beleza do Carisma Salvatoriano, um dom de Deus, concedido ao seu fundador, o Pe. Francisco Maria da Cruz Jordan, para dar continuidade \u00e0 miss\u00e3o de Jesus Cristo.Participou da Celebra\u00e7\u00e3o Eucar\u00edstica, Padres, Irm\u00e3s, Leigos\/as Salvatorianos.<\/p>\n<p class=\"MsoNormal\" style=\"text-align: center;\"><b>COMUNIDADES SALVATORIANAS<\/b><\/p>\n<p class=\"MsoNormal\" style=\"text-align: center;\"><b>\u00a0<\/b><\/p>\n<p class=\"MsoNormal\" style=\"text-align: center;\"><img decoding=\"async\" loading=\"lazy\" class=\"alignnone size-medium wp-image-5575\" src=\"https:\/\/www.salvatorianas.org.br\/blog\/wp-content\/uploads\/2017\/09\/960_post_14875-300x225.jpg\" alt=\"\" width=\"300\" height=\"225\" srcset=\"https:\/\/www.salvatorianas.org.br\/blog\/wp-content\/uploads\/2017\/09\/960_post_14875-300x225.jpg 300w, https:\/\/www.salvatorianas.org.br\/blog\/wp-content\/uploads\/2017\/09\/960_post_14875.jpg 640w\" sizes=\"(max-width: 300px) 100vw, 300px\" \/><img decoding=\"async\" loading=\"lazy\" class=\"alignnone size-medium wp-image-5573\" src=\"https:\/\/www.salvatorianas.org.br\/blog\/wp-content\/uploads\/2017\/09\/960_post_9193-251x300.jpg\" alt=\"\" width=\"251\" height=\"300\" srcset=\"https:\/\/www.salvatorianas.org.br\/blog\/wp-content\/uploads\/2017\/09\/960_post_9193-251x300.jpg 251w, https:\/\/www.salvatorianas.org.br\/blog\/wp-content\/uploads\/2017\/09\/960_post_9193.jpg 535w\" sizes=\"(max-width: 251px) 100vw, 251px\" \/><img decoding=\"async\" loading=\"lazy\" class=\"alignnone size-medium wp-image-5574\" src=\"https:\/\/www.salvatorianas.org.br\/blog\/wp-content\/uploads\/2017\/09\/960_post_9516-300x169.jpg\" alt=\"\" width=\"300\" height=\"169\" srcset=\"https:\/\/www.salvatorianas.org.br\/blog\/wp-content\/uploads\/2017\/09\/960_post_9516-300x169.jpg 300w, https:\/\/www.salvatorianas.org.br\/blog\/wp-content\/uploads\/2017\/09\/960_post_9516.jpg 640w\" sizes=\"(max-width: 300px) 100vw, 300px\" \/><\/p>\n<p class=\"MsoNormal\" style=\"text-align: justify;\">No dia 08 de setembro, as Irm\u00e3s Salvatorianas reunidas em comunidade, puderam fazer a celebra\u00e7\u00e3o de abertura do\u201cAno Centen\u00e1rio do Padre Jordan\u201d.\u00a0Durante a Celebra\u00e7\u00e3o as Irm\u00e3s meditaram uma das caracter\u00edsticas mais marcantes na vida de Pe. Jordan: <b>sua inabal\u00e1vel confian\u00e7a na Divina Provid\u00eancia<\/b>. A confian\u00e7a em Deus perpassa qual fio condutor, toda a vida e obra de Pe. Jordan. Sua confian\u00e7a na Divina Provid\u00eancia \u00e9 fruto de uma profunda experi\u00eancia de Deus. <b><i>\u00abQuisera deixar-lhes uma heran\u00e7a especial, se assim posso dizer, que \u00e9 precisamente uma grande confian\u00e7a em Deus\u00bb<\/i><\/b> (Pe. Jordan).<\/p>\n<p class=\"MsoNormal\" style=\"text-align: center;\"><b>PAR\u00d3QUIA S\u00c3O JO\u00c3O BATISTA \u2013 S\u00c3O MATEUS \u2013 S\u00c3O PAULO \u2013 SP<\/b><\/p>\n<p class=\"MsoNormal\" style=\"text-align: center;\"><b>\u00a0<\/b><\/p>\n<p class=\"MsoNormal\" style=\"text-align: justify;\">Fam\u00edlia Salvatoriana celebrou no dia 10 de setembro, o in\u00edcio do Centen\u00e1rio da Morte\/ressurrei\u00e7\u00e3o do Pe. Jordane a Vida da Bem Aventurada Madre Maria dos Ap\u00f3stolos em S\u00e3o Mateus &#8211; S\u00e3o Paulo.A Celebra\u00e7\u00e3o contou com a presen\u00e7a dos Padres, seminaristas, Irm\u00e3s e leigos\/as Salvatorianos. Alegria em perceber a coragem e ousadia que nossos fundadores deixaram como testemunho e express\u00e3o da beleza do Carisma Salvatoriano presentes nos cinco Continentes do mundo, onde as sementes foram lan\u00e7adas e avida Salvatoriana floresceu.<\/p>\n<p class=\"MsoNormal\" style=\"text-align: justify;\"><b>\u00a0<\/b><\/p>\n<p class=\"MsoNormal\" style=\"text-align: center;\"><b>PAR\u00d3QUIA S\u00c3O JOS\u00c9 \u2013 FORTALEZA \u2013 CE (JO\u00c3O XXIII E PARANGABA)<\/b><\/p>\n<p class=\"MsoNormal\" style=\"text-align: center;\"><b>\u00a0<\/b><\/p>\n<p class=\"MsoNormal\" style=\"text-align: justify;\">Fam\u00edlia Salvatoriana reunida celebrou com alegria no dia 10 de setembro, a abertura do Ano Centen\u00e1rio da morte\/ressurrei\u00e7\u00e3o do Pe. Jordan em Fortaleza\/CE.<\/p>\n<p class=\"MsoNormal\" style=\"text-align: center;\"><b>PAR\u00d3QUIA SANTA B\u00c1RBARA \u2013 SANTA B\u00c1RBARA \u2013 SP <\/b><\/p>\n<p class=\"MsoNormal\" style=\"text-align: justify;\">A abertura do Ano Centen\u00e1rio dePe.Jordan na Par\u00f3quia Santa B\u00e1rbara, foi marcada por uma celebra\u00e7\u00e3o festiva coma presen\u00e7a do Pe. Edgar Casallas, Dom Valter Bispo Em\u00e9rito &#8211; Salvatoriano,Irm\u00e3s, leigas e leigos Salvatorianos. Que Pe. Jordan continue a nos animarnesta miss\u00e3o de tornar Jesus Cristo conhecido e amado a todos.<\/p>\n<p class=\"MsoNormal\" style=\"text-align: justify;\">_________________________________________________________________________<\/p>\n<p class=\"MsoNormal\" style=\"text-align: justify;\">Foi realizado no dia 08 desetembro, no <b>Santu\u00e1rio Sr. Bom Jesus \u2013Conchas \u2013 SP<\/b>, a abertura do \u201cAno Centen\u00e1rio do Padre Jordan\u201d. A missa foipresidida por Dom Mauricio Grotto de Camargo.<\/p>\n<p class=\"MsoNormal\" style=\"text-align: justify;\">Aconteceu no dia 09 de setembro,na <b>Par\u00f3quia Divino Salvador \u2013 Rio deJaneiro \u2013 RJ<\/b>, a abertura do \u201cAno Centen\u00e1rio do Padre Jordan\u201d. A missa foipresidida por pelos Padres Salvatorianos Leomar Deon e Arno Boesing.<\/p>\n<p class=\"MsoNormal\" style=\"text-align: justify;\">Tamb\u00e9m no dia 09 de setembro, na <b>Par\u00f3quia Nossa Senhora Aparecida \u2013 Moema \u2013S\u00e3o Paulo<\/b> \u2013 SP, aconteceu a abertura do \u201cAno Centen\u00e1rio do Padre Jordan\u201d. Amissa foi presidida por Dom Jos\u00e9 Roberto Fortes Palau.<\/p>\n<p class=\"MsoNormal\" style=\"text-align: justify;\">No dia 10 de setembro, na <b>Par\u00f3quia Imaculada Concei\u00e7\u00e3o \u2013 Ch\u00f3kw\u00e8 \u2013Mo\u00e7ambique<\/b>, foi realizado a abertura do \u201cAno Centen\u00e1rio do Padre Jordan\u201d. Amissa foi presidida pelo Pe. Michel Museng Simbi, sds. No mesmo dia, aconteceuna <b>Par\u00f3quia Santo Ant\u00f4nio \u2013 S\u00e3o Jos\u00e9 dosPinhais \u2013 PR<\/b>, a abertura do \u201cAno Centen\u00e1rio do Padre Jordan\u201d. A missa foipresidida pelo Pe. Fernando Sartori, sds.<\/p>\n<p class=\"MsoNormal\" style=\"text-align: justify;\">A abertura do \u201cAno Centen\u00e1rio doPadre Jordan\u201d, foi realizado\u00a0 na <b>Par\u00f3quia Sant\u00b4Ana \u2013 Coelho Neto \u2013 MA<\/b>, \u00a0no dia 10 de setembro, a Celebra\u00e7\u00e3o Eucar\u00edsticafoi presidida pelo Pe. James Wilson J. de Oliveira, sds. Tamb\u00e9m no mesmo dia,aconteceu a festa de abertura do \u201cAno Centen\u00e1rio do Padre Jordan\u201d, na <b>Par\u00f3quia Nossa Senhora de Lourdes \u2013 V\u00e1rzeaPaulista \u2013 SP<\/b>. A Santa Missa, foi presidida por Dom Vicente Costa.<\/p>\n<p class=\"MsoNormal\" style=\"text-align: justify;\"><b>\u00a0<\/b><\/p>\n<p class=\"MsoNormal\" style=\"text-align: center;\"><b><span style=\"font-size: large;\"><a href=\"http:\/\/199.201.90.18\/~salvatorianasorg\/site\/multimidia\/infograficos\/padre-jordan\/padre-jordan\/\">CLIQUE PARA \u00a0CONHECER MAIS A \u00a0HIST\u00d3RIA DO VENER\u00c1VEL PADRE JORDAN<\/a><\/span><\/b><\/p>\n<p class=\"MsoNormal\" style=\"text-align: center;\">\n","protected":false},"excerpt":{"rendered":"<p>&nbsp; &nbsp; A Fam\u00edlia Salvatoriana em todo omundo est\u00e1 celebrando o \u201cAno Centen\u00e1rio de Padre Jordan\u201d, que teve in\u00edcio em 08de setembro de 2017, Festa da Natividade de Nossa Senhora e data que&#8230;<\/p>\n","protected":false},"author":1,"featured_media":5576,"comment_status":"open","ping_status":"open","sticky":false,"template":"","format":"standard","meta":[],"categories":[27],"tags":[],"_links":{"self":[{"href":"https:\/\/www.salvatorianas.org.br\/blog\/wp-json\/wp\/v2\/posts\/289"}],"collection":[{"href":"https:\/\/www.salvatorianas.org.br\/blog\/wp-json\/wp\/v2\/posts"}],"about":[{"href":"https:\/\/www.salvatorianas.org.br\/blog\/wp-json\/wp\/v2\/types\/post"}],"author":[{"embeddable":true,"href":"https:\/\/www.salvatorianas.org.br\/blog\/wp-json\/wp\/v2\/users\/1"}],"replies":[{"embeddable":true,"href":"https:\/\/www.salvatorianas.org.br\/blog\/wp-json\/wp\/v2\/comments?post=289"}],"version-history":[{"count":3,"href":"https:\/\/www.salvatorianas.org.br\/blog\/wp-json\/wp\/v2\/posts\/289\/revisions"}],"predecessor-version":[{"id":5578,"href":"https:\/\/www.salvatorianas.org.br\/blog\/wp-json\/wp\/v2\/posts\/289\/revisions\/5578"}],"wp:featuredmedia":[{"embeddable":true,"href":"https:\/\/www.salvatorianas.org.br\/blog\/wp-json\/wp\/v2\/media\/5576"}],"wp:attachment":[{"href":"https:\/\/www.salvatorianas.org.br\/blog\/wp-json\/wp\/v2\/media?parent=289"}],"wp:term":[{"taxonomy":"category","embeddable":true,"href":"https:\/\/www.salvatorianas.org.br\/blog\/wp-json\/wp\/v2\/categories?post=289"},{"taxonomy":"post_tag","embeddable":true,"href":"https:\/\/www.salvatorianas.org.br\/blog\/wp-json\/wp\/v2\/tags?post=289"}],"curies":[{"name":"wp","href":"https:\/\/api.w.org\/{rel}","templated":true}]}}