{"id":285,"date":"2017-09-13T00:00:00","date_gmt":"2017-09-13T00:00:00","guid":{"rendered":"https:\/\/www.salvatorianas.org.br\/blog\/filme-sobre-o-pe-jordan-sera-lancado-no-dia-do-centenario-em-2018\/"},"modified":"2018-08-21T14:09:35","modified_gmt":"2018-08-21T14:09:35","slug":"filme-sobre-o-pe-jordan-sera-lancado-no-dia-do-centenario-em-2018","status":"publish","type":"post","link":"https:\/\/www.salvatorianas.org.br\/blog\/filme-sobre-o-pe-jordan-sera-lancado-no-dia-do-centenario-em-2018\/","title":{"rendered":"FILME SOBRE O PE. JORDAN SER\u00c1 LAN\u00c7ADO NO DIA DO CENTEN\u00c1RIO EM 2018"},"content":{"rendered":"<p class=\"MsoNormal\" style=\"text-align: justify;\">O \u201cStudio Katolik\u201d de Crac\u00f3via, est\u00fadio salvatoriano, est\u00e1 trabalhando em um novo document\u00e1rio sobre o Padre Francisco Maria da Cruz Jordan. O t\u00edtulo do novo filme \u00e9 \u201cTorne-se grande diante de Deus!\u201d<\/p>\n<p class=\"MsoNormal\" style=\"text-align: justify;\">O Roteiro j\u00e1 foi preparado, e em breve (na segunda parte de setembro), ser\u00e3o iniciadas as filmagens na Alemanha, Su\u00ed\u00e7a, It\u00e1lia e, provavelmente, tamb\u00e9m na Terra Santa. Em s\u00edntese, o filme de 90 minutos, apresentar\u00e1 uma hist\u00f3ria em 3 partes, nas quais os telespectadores poder\u00e3o compreender a vida e os esfor\u00e7os de Padre Jordan, bem como conhecer os lugares em que ele viveu.<\/p>\n<p class=\"MsoNormal\" style=\"text-align: justify;\">O filme ser\u00e1 dublado em v\u00e1riosidiomas, de modo a que possa ser amplamente distribu\u00eddo ao redor do mundo. Osprincipais produtores s\u00e3o o Generalado dos Salvatorianos e o \u201cStudio Katolik\u201d,mas um grande apoio log\u00edstico para a equipe de filmagem est\u00e1 sendo dado pelosSalvatorianos da Alemanha e da Su\u00ed\u00e7a.<\/p>\n<p class=\"MsoNormal\" style=\"text-align: justify;\">Informa\u00e7\u00f5es sobre o filme, bemcomo as possibilidades de apoio a esta iniciativa, est\u00e3o dispon\u00edveis no site: \u00a0<a href=\"http:\/\/www.fatherjordan.com\">www.fatherjordan.com<\/a>.<\/p>\n<p class=\"MsoNormal\" style=\"text-align: justify;\"><span style=\"font-size: large;\">\u00a0<\/span><\/p>\n<p class=\"MsoNormal\" style=\"text-align: left;\"><b><span style=\"font-size: large;\">Assista ao trailer:<\/span><\/b><\/p>\n<p class=\"MsoNormal\" style=\"text-align: justify;\"><iframe loading=\"lazy\" style=\"box-sizing: inherit; max-width: 100%; color: #333333; font-family: Roboto, sans-serif; font-size: 16px; letter-spacing: 0.6px; text-align: center; background-color: #ffffff;\" src=\"https:\/\/www.youtube.com\/embed\/K6pbAfNxFm4\" width=\"560\" height=\"315\" frameborder=\"0\" allowfullscreen=\"allowfullscreen\"><\/iframe><\/p>\n<p class=\"MsoNormal\" style=\"text-align: justify;\"><b>\u00a0<\/b><\/p>\n<p class=\"MsoNormal\" style=\"text-align: justify;\"><b>Pe. Milton Zonta, superior geraldos Salvatorianos fala sobre as expectativas da produ\u00e7\u00e3o:<\/b><\/p>\n<p class=\"MsoNormal\" style=\"text-align: justify;\"><b>\u00a0<\/b><\/p>\n<p class=\"MsoNormal\" style=\"text-align: justify;\"><b>\u00a0<\/b><\/p>\n<p class=\"MsoNormal\" style=\"text-align: justify;\"><iframe loading=\"lazy\" style=\"box-sizing: inherit; max-width: 100%; color: #333333; font-family: Roboto, sans-serif; font-size: 16px; letter-spacing: 0.6px; text-align: center; background-color: #ffffff;\" src=\"https:\/\/www.youtube.com\/embed\/kOGY6kGSmQE\" width=\"560\" height=\"315\" frameborder=\"0\" allowfullscreen=\"allowfullscreen\"><\/iframe><b><br \/>\n<\/b><\/p>\n<p>&nbsp;<\/p>\n<p class=\"MsoNormal\" style=\"text-align: justify;\"><span style=\"color: #274472; font-family: Roboto;\">\u00a0<\/span><\/p>\n<p class=\"MsoNormal\" style=\"text-align: justify;\"><span style=\"color: #274472; font-family: Roboto;\">\u00a0<\/span><\/p>\n<p class=\"MsoNormal\" style=\"text-align: justify;\"><span style=\"color: #274472; font-family: Roboto;\">\u00a0<\/span><\/p>\n","protected":false},"excerpt":{"rendered":"<p>O \u201cStudio Katolik\u201d de Crac\u00f3via, est\u00fadio salvatoriano, est\u00e1 trabalhando em um novo document\u00e1rio sobre o Padre Francisco Maria da Cruz Jordan. O t\u00edtulo do novo filme \u00e9 \u201cTorne-se grande diante de Deus!\u201d O&#8230;<\/p>\n","protected":false},"author":1,"featured_media":447,"comment_status":"open","ping_status":"open","sticky":false,"template":"","format":"standard","meta":[],"categories":[27],"tags":[],"_links":{"self":[{"href":"https:\/\/www.salvatorianas.org.br\/blog\/wp-json\/wp\/v2\/posts\/285"}],"collection":[{"href":"https:\/\/www.salvatorianas.org.br\/blog\/wp-json\/wp\/v2\/posts"}],"about":[{"href":"https:\/\/www.salvatorianas.org.br\/blog\/wp-json\/wp\/v2\/types\/post"}],"author":[{"embeddable":true,"href":"https:\/\/www.salvatorianas.org.br\/blog\/wp-json\/wp\/v2\/users\/1"}],"replies":[{"embeddable":true,"href":"https:\/\/www.salvatorianas.org.br\/blog\/wp-json\/wp\/v2\/comments?post=285"}],"version-history":[{"count":2,"href":"https:\/\/www.salvatorianas.org.br\/blog\/wp-json\/wp\/v2\/posts\/285\/revisions"}],"predecessor-version":[{"id":6897,"href":"https:\/\/www.salvatorianas.org.br\/blog\/wp-json\/wp\/v2\/posts\/285\/revisions\/6897"}],"wp:featuredmedia":[{"embeddable":true,"href":"https:\/\/www.salvatorianas.org.br\/blog\/wp-json\/wp\/v2\/media\/447"}],"wp:attachment":[{"href":"https:\/\/www.salvatorianas.org.br\/blog\/wp-json\/wp\/v2\/media?parent=285"}],"wp:term":[{"taxonomy":"category","embeddable":true,"href":"https:\/\/www.salvatorianas.org.br\/blog\/wp-json\/wp\/v2\/categories?post=285"},{"taxonomy":"post_tag","embeddable":true,"href":"https:\/\/www.salvatorianas.org.br\/blog\/wp-json\/wp\/v2\/tags?post=285"}],"curies":[{"name":"wp","href":"https:\/\/api.w.org\/{rel}","templated":true}]}}