{"id":2772,"date":"2024-09-13T00:00:00","date_gmt":"2024-09-13T00:00:00","guid":{"rendered":"https:\/\/www.salvatorianas.org.br\/blog\/?p=2772"},"modified":"2024-01-22T11:25:17","modified_gmt":"2024-01-22T11:25:17","slug":"sao-joao-crisostomo","status":"publish","type":"post","link":"https:\/\/www.salvatorianas.org.br\/blog\/sao-joao-crisostomo\/","title":{"rendered":"S\u00c3O JO\u00c3O CRIS\u00d3STOMO"},"content":{"rendered":"<p>Jo&atilde;o nasceu no ano 309 em Antioquia, na &Aacute;sia Menor, procedente de fam&iacute;lia muito rica. Seu pai era comandante de tropas imperiais no oriente e sua m&atilde;e, uma mulher piedosa e caridosa, providenciou que o filho fosse educado pelos maiores mestres do seu tempo. <\/p>\n<p>O menino, desde pequeno, j&aacute; demonstrava a voca&ccedil;&atilde;o religiosa, grande intelig&ecirc;ncia e dons especias. Na juventude foi viver na companhia de um monge no deserto, durante quatro anos. Passou mais dois, retirado numa gruta sozinho, estudando as sagradas escrituras e, ent&atilde;o, considerou-se pronto. Voltou para Antioquia e se ordenou sacerdote. <\/p>\n<p>Cris&oacute;stomo, nome que significa &ldquo;boca de ouro&rdquo;, era um &oacute;timo orador. O povo reunia-se para ouvi-lo e suas palavras eram conforto para todos. Assim foi nascendo sua fama de santidade. <\/p>\n<p>Cris&oacute;stomo tornou-se ent&atilde;o bispo de Constantinopla, centro cultural e religioso da &eacute;poca. O bispo encontrou um clero apegado aos bens terrenos e ao luxo, e gastou suas energias para moralizar os costumes dos l&iacute;deres religiosos do povo. <\/p>\n<p>Estas atitudes trouxeram muitos inimigos. Todos, liderados pela imperatriz Eud&oacute;xia, conseguiram tirar Jo&atilde;o Cris&oacute;stomo do cargo, que foi condenado ao ex&iacute;lio. Mas essa expuls&atilde;o da cidade provocou revolta t&atilde;o intensa na popula&ccedil;&atilde;o, que o Bispo foi trazido de volta para reassumir seu cargo. Entretanto, dois meses depois, foi exilado pela segunda vez. Neste, j&aacute; com a sa&uacute;de muito debilitada, ele n&atilde;o resistiu e morreu. Era 14 de setembro de 407. <\/p>\n<p><strong>Reflex&atilde;o: <\/strong>S&atilde;o Jo&atilde;o Cris&oacute;stomo &eacute; considerado um dos quatro grandes Doutores da Igreja Oriental e deixou uma produ&ccedil;&atilde;o intelectual abundante e variada, composta de aproximadamente 600 serm&otilde;es e discursos. Sua eloq&uuml;&ecirc;ncia extraordin&aacute;ria lhe valeu o t&iacute;tulo de Cris&oacute;stomo, que em grego significa &#8220;Boca de Ouro&#8221;. Ele &eacute; chamado patrono da eloq&uuml;&ecirc;ncia sagrada. <\/p>\n<p><strong>Ora&ccedil;&atilde;o:<\/strong> &Oacute; Deus, que marcastes pela vossa doutrina a vida de S&atilde;o Jo&atilde;o Cris&oacute;stomo, concedei-nos, por sua intercess&atilde;o, que sejamos fi&eacute;is &agrave; mesma doutrina, e a proclamemos em nossas a&ccedil;&otilde;es. Por Nosso Senhor Jesus Cristo, vosso filho, na unidade do Esp&iacute;rito Santo. Am&eacute;m.&nbsp;<\/p>\n","protected":false},"excerpt":{"rendered":"<p>Jo&atilde;o nasceu no ano 309 em Antioquia, na &Aacute;sia Menor, procedente de fam&iacute;lia muito rica. Seu pai era comandante de tropas imperiais no oriente e sua m&atilde;e, uma mulher piedosa e caridosa, providenciou&#8230;<\/p>\n","protected":false},"author":1,"featured_media":2774,"comment_status":"open","ping_status":"open","sticky":false,"template":"","format":"standard","meta":[],"categories":[6],"tags":[],"_links":{"self":[{"href":"https:\/\/www.salvatorianas.org.br\/blog\/wp-json\/wp\/v2\/posts\/2772"}],"collection":[{"href":"https:\/\/www.salvatorianas.org.br\/blog\/wp-json\/wp\/v2\/posts"}],"about":[{"href":"https:\/\/www.salvatorianas.org.br\/blog\/wp-json\/wp\/v2\/types\/post"}],"author":[{"embeddable":true,"href":"https:\/\/www.salvatorianas.org.br\/blog\/wp-json\/wp\/v2\/users\/1"}],"replies":[{"embeddable":true,"href":"https:\/\/www.salvatorianas.org.br\/blog\/wp-json\/wp\/v2\/comments?post=2772"}],"version-history":[{"count":1,"href":"https:\/\/www.salvatorianas.org.br\/blog\/wp-json\/wp\/v2\/posts\/2772\/revisions"}],"predecessor-version":[{"id":9932,"href":"https:\/\/www.salvatorianas.org.br\/blog\/wp-json\/wp\/v2\/posts\/2772\/revisions\/9932"}],"wp:featuredmedia":[{"embeddable":true,"href":"https:\/\/www.salvatorianas.org.br\/blog\/wp-json\/wp\/v2\/media\/2774"}],"wp:attachment":[{"href":"https:\/\/www.salvatorianas.org.br\/blog\/wp-json\/wp\/v2\/media?parent=2772"}],"wp:term":[{"taxonomy":"category","embeddable":true,"href":"https:\/\/www.salvatorianas.org.br\/blog\/wp-json\/wp\/v2\/categories?post=2772"},{"taxonomy":"post_tag","embeddable":true,"href":"https:\/\/www.salvatorianas.org.br\/blog\/wp-json\/wp\/v2\/tags?post=2772"}],"curies":[{"name":"wp","href":"https:\/\/api.w.org\/{rel}","templated":true}]}}