{"id":2740,"date":"2024-09-29T00:00:00","date_gmt":"2024-09-29T00:00:00","guid":{"rendered":"https:\/\/www.salvatorianas.org.br\/blog\/?p=2740"},"modified":"2024-01-22T11:23:39","modified_gmt":"2024-01-22T11:23:39","slug":"sao-miguel-sao-gabriel-e-sao-rafael","status":"publish","type":"post","link":"https:\/\/www.salvatorianas.org.br\/blog\/sao-miguel-sao-gabriel-e-sao-rafael\/","title":{"rendered":"S\u00c3O MIGUEL, S\u00c3O GABRIEL E S\u00c3O RAFAEL"},"content":{"rendered":"<p>A Igreja unificou a celebra&ccedil;&atilde;o dos tr&ecirc;s arcanjos mais famosos da hist&oacute;ria do catolicismo e das religi&otilde;es, Miguel, Gabriel e Rafael, para o dia 29 de setembro. Esses tr&ecirc;s arcanjos, de acordo com a teologia cat&oacute;lica, est&atilde;o ao redor de Deus e Lhe servem como mensageiros. <\/p>\n<p>Miguel, que significa &#8220;Ningu&eacute;m &eacute; como Deus&#8221;, ou &#8220;Semelhan&ccedil;a de Deus&#8221; &eacute; considerado o Pr&iacute;ncipe guardi&atilde;o e guerreiro, Defensor do trono celeste e do povo de Deus. Fiel escudeiro do Pai Eterno, chefe supremo do ex&eacute;rcito celeste e dos anjos fi&eacute;is a Deus. Miguel &eacute; o arcanjo da justi&ccedil;a e do arrependimento, padroeiro da Igreja Cat&oacute;lica. &Eacute; citado tr&ecirc;s vezes na Sagrada Escritura. O seu culto &eacute; um dos mais antigos da Igreja. <\/p>\n<p>Gabriel, seu nome significa &#8220;Deus &eacute; meu protetor&#8221; ou &#8220;Homem de Deus&#8221; . &Eacute; o Arcanjo anunciador por excel&ecirc;ncia das revela&ccedil;&otilde;es de Deus e &eacute;, talvez, aquele que esteve perto de Jesus na agonia entre as oliveiras. Padroeiro da diplomacia, dos trabalhadores dos correios e dos operadores dos telefones. Comumente est&aacute; associado a uma trombeta, indicando que &eacute; aquele que transmite a Voz de Deus, o portador das not&iacute;cias. Foi ele quem fez o maior an&uacute;ncio da hist&oacute;ria: a encarna&ccedil;&atilde;o do Filho de Deus. <\/p>\n<p>Rafael, cujo significado &eacute; &#8220;Deus te cura&#8221; ou &#8220;Cura de Deus&#8221; ou teve a fun&ccedil;&atilde;o de acompanhar o jovem Tobias, no Antigo Testamento, em sua viagem, como seu seguran&ccedil;a e guia. Foi o &uacute;nico que habitou entre n&oacute;s. Guardi&atilde;o da sa&uacute;de e da cura f&iacute;sica e espiritual, &eacute; considerado tamb&eacute;m o chefe da ordem das virtudes. &Eacute; o padroeiro dos cegos, m&eacute;dicos, sacerdotes e, tamb&eacute;m, dos viajantes, soldados e escoteiros. <\/p>\n<p>A Igreja Cat&oacute;lica considera esses tr&ecirc;s arcanjos, poderosos intercessores dos eleitos ao trono do Alt&iacute;ssimo. Durante as atribula&ccedil;&otilde;es do cotidiano eles costumam nos aconselhar e auxiliar, al&eacute;m &eacute; claro, de levar as nossas ora&ccedil;&otilde;es ao Senhor, trazendo as mensagens da divina provid&ecirc;ncia. <\/p>\n<p><strong>Reflex&atilde;o:<\/strong> Uma coisa &eacute; certa: os anjos est&atilde;o presentes do primeiro ao &uacute;ltimo livro da B&iacute;blia. S&atilde;o citados em mais de 300 passagens. Apresentam-se sob diversos nomes, est&atilde;o diante de Deus, ora sozinhos, ora em fileiras, quando n&atilde;o em mir&iacute;ades. Por isso S&atilde;o Greg&oacute;rio Magno p&ocirc;de afirmar: &#8220;A exist&ecirc;ncia dos anjos &eacute; atestada por todas as p&aacute;ginas da Sagrada Escritura&#8221;. <\/p>\n<p><strong>Ora&ccedil;&atilde;o:<\/strong> &Oacute; Deus, que entre todos os anjos escolhestes Arcanjos para anunciar seus mist&eacute;rios de amo, concedei-nos que ao celebrarmos na terra a sua mem&oacute;ria sintamos a sua prote&ccedil;&atilde;o celestial. Por Cristo Nosso Senhor. Am&eacute;m.&nbsp;<\/p>\n","protected":false},"excerpt":{"rendered":"<p>A Igreja unificou a celebra&ccedil;&atilde;o dos tr&ecirc;s arcanjos mais famosos da hist&oacute;ria do catolicismo e das religi&otilde;es, Miguel, Gabriel e Rafael, para o dia 29 de setembro. Esses tr&ecirc;s arcanjos, de acordo com&#8230;<\/p>\n","protected":false},"author":1,"featured_media":2750,"comment_status":"open","ping_status":"open","sticky":false,"template":"","format":"standard","meta":[],"categories":[6],"tags":[],"_links":{"self":[{"href":"https:\/\/www.salvatorianas.org.br\/blog\/wp-json\/wp\/v2\/posts\/2740"}],"collection":[{"href":"https:\/\/www.salvatorianas.org.br\/blog\/wp-json\/wp\/v2\/posts"}],"about":[{"href":"https:\/\/www.salvatorianas.org.br\/blog\/wp-json\/wp\/v2\/types\/post"}],"author":[{"embeddable":true,"href":"https:\/\/www.salvatorianas.org.br\/blog\/wp-json\/wp\/v2\/users\/1"}],"replies":[{"embeddable":true,"href":"https:\/\/www.salvatorianas.org.br\/blog\/wp-json\/wp\/v2\/comments?post=2740"}],"version-history":[{"count":1,"href":"https:\/\/www.salvatorianas.org.br\/blog\/wp-json\/wp\/v2\/posts\/2740\/revisions"}],"predecessor-version":[{"id":9923,"href":"https:\/\/www.salvatorianas.org.br\/blog\/wp-json\/wp\/v2\/posts\/2740\/revisions\/9923"}],"wp:featuredmedia":[{"embeddable":true,"href":"https:\/\/www.salvatorianas.org.br\/blog\/wp-json\/wp\/v2\/media\/2750"}],"wp:attachment":[{"href":"https:\/\/www.salvatorianas.org.br\/blog\/wp-json\/wp\/v2\/media?parent=2740"}],"wp:term":[{"taxonomy":"category","embeddable":true,"href":"https:\/\/www.salvatorianas.org.br\/blog\/wp-json\/wp\/v2\/categories?post=2740"},{"taxonomy":"post_tag","embeddable":true,"href":"https:\/\/www.salvatorianas.org.br\/blog\/wp-json\/wp\/v2\/tags?post=2740"}],"curies":[{"name":"wp","href":"https:\/\/api.w.org\/{rel}","templated":true}]}}