{"id":2633,"date":"2024-11-19T00:00:00","date_gmt":"2024-11-19T00:00:00","guid":{"rendered":"https:\/\/www.salvatorianas.org.br\/blog\/?p=2633"},"modified":"2024-01-22T11:20:51","modified_gmt":"2024-01-22T11:20:51","slug":"sao-rafael-de-sao-jose","status":"publish","type":"post","link":"https:\/\/www.salvatorianas.org.br\/blog\/sao-rafael-de-sao-jose\/","title":{"rendered":"S\u00c3O RAFAEL DE S\u00c3O JOS\u00c9"},"content":{"rendered":"<p class=\"excerpt\">\n<p>Jos&eacute; nasceu no dia primeiro de setembro de 1835 na Pol&ocirc;nia, filho de um casal de nobres. Foi batizado com o nome de Jos&eacute; e educado pelos pais dentro da religi&atilde;o crist&atilde;. Na juventude estudou engenharia civil na escola Militar de Engenharia. <\/p>\n<p>Sua vida na juventude foi marcada pela devo&ccedil;&atilde;o a Nossa Senhora do Carmo, mas o progresso nos estudos o fez afastar-se da religi&atilde;o. Gra&ccedil;as a sua intelig&ecirc;ncia atingiu altos postos na carreia militar. <\/p>\n<p>Em janeiro de 1863, durante um per&iacute;odo de guerra, encontrou sua reconcilia&ccedil;&atilde;o com Deus. Confessou, comungou e iniciou uma vida de intensa espiritualidade e devo&ccedil;&atilde;o a Jesus, Jos&eacute; e Maria. <\/p>\n<p>O t&eacute;rmino da guerra o fez prisioneiro e ele foi deportado para a Sib&eacute;ria, onde ficou dez anos sob o regime de trabalhos for&ccedil;ados. Suas &uacute;nicas companhias foram um crucifixo e o livro &ldquo;Imita&ccedil;&atilde;o de Cristo&rdquo;. <\/p>\n<p>Libertado e repatriado entrou na Ordem dos Carmelitas Descal&ccedil;os, aos quarenta e dois anos de idade. Vestiu o h&aacute;bito dos carmelitas e tomou o nome de Rafael de S&atilde;o Jos&eacute;, em 1882, quando recebeu a ordena&ccedil;&atilde;o sacerdotal. <\/p>\n<p>Morreu no dia 15 de novembro de 1907, em Vadovice, na mesma cidade onde anos mais tarde nasceria Jo&atilde;o Paulo II.<\/p>\n<\/p>\n<p class=\"reflection\">\n<p><strong><span class=\"title\">Reflex&atilde;o:<\/span><\/strong>&nbsp;S&atilde;o Rafael de S&atilde;o Jos&eacute; foi um homem de Deus, vivendo em profunda uni&atilde;o com ele. Foi definido como uma ora&ccedil;&atilde;o vivente, sendo um homem de austeridade e sil&ecirc;ncio. Outra marca de sua espiritualidade &eacute; o seu profundo amor a Maria e o zelo pelo sacramento da penit&ecirc;ncia.<\/p>\n<\/p>\n<p class=\"pray\">\n<p><strong><span class=\"title\">Ora&ccedil;&atilde;o:<\/span><\/strong>&nbsp;&Oacute; Deus, que concedeste ao beato Rafael esp&iacute;rito de fortaleza nas adversidades e extraordin&aacute;rio selo de cardade para promover a unidade da Igreja, concedei-nos, por sua intercess&atilde;o, ser fortes na f&eacute; e amarmos uns aos outros, colaborando fielmente para a uni&atilde;o de todos os fi&eacute;is em Cristo. Am&eacute;m.<\/p><\/p>\n","protected":false},"excerpt":{"rendered":"<p>Jos&eacute; nasceu no dia primeiro de setembro de 1835 na Pol&ocirc;nia, filho de um casal de nobres. Foi batizado com o nome de Jos&eacute; e educado pelos pais dentro da religi&atilde;o crist&atilde;. Na&#8230;<\/p>\n","protected":false},"author":1,"featured_media":2643,"comment_status":"open","ping_status":"open","sticky":false,"template":"","format":"standard","meta":[],"categories":[6],"tags":[],"_links":{"self":[{"href":"https:\/\/www.salvatorianas.org.br\/blog\/wp-json\/wp\/v2\/posts\/2633"}],"collection":[{"href":"https:\/\/www.salvatorianas.org.br\/blog\/wp-json\/wp\/v2\/posts"}],"about":[{"href":"https:\/\/www.salvatorianas.org.br\/blog\/wp-json\/wp\/v2\/types\/post"}],"author":[{"embeddable":true,"href":"https:\/\/www.salvatorianas.org.br\/blog\/wp-json\/wp\/v2\/users\/1"}],"replies":[{"embeddable":true,"href":"https:\/\/www.salvatorianas.org.br\/blog\/wp-json\/wp\/v2\/comments?post=2633"}],"version-history":[{"count":1,"href":"https:\/\/www.salvatorianas.org.br\/blog\/wp-json\/wp\/v2\/posts\/2633\/revisions"}],"predecessor-version":[{"id":9991,"href":"https:\/\/www.salvatorianas.org.br\/blog\/wp-json\/wp\/v2\/posts\/2633\/revisions\/9991"}],"wp:featuredmedia":[{"embeddable":true,"href":"https:\/\/www.salvatorianas.org.br\/blog\/wp-json\/wp\/v2\/media\/2643"}],"wp:attachment":[{"href":"https:\/\/www.salvatorianas.org.br\/blog\/wp-json\/wp\/v2\/media?parent=2633"}],"wp:term":[{"taxonomy":"category","embeddable":true,"href":"https:\/\/www.salvatorianas.org.br\/blog\/wp-json\/wp\/v2\/categories?post=2633"},{"taxonomy":"post_tag","embeddable":true,"href":"https:\/\/www.salvatorianas.org.br\/blog\/wp-json\/wp\/v2\/tags?post=2633"}],"curies":[{"name":"wp","href":"https:\/\/api.w.org\/{rel}","templated":true}]}}