{"id":2601,"date":"2024-12-01T00:00:00","date_gmt":"2024-12-01T00:00:00","guid":{"rendered":"https:\/\/www.salvatorianas.org.br\/blog\/?p=2601"},"modified":"2024-01-22T11:20:10","modified_gmt":"2024-01-22T11:20:10","slug":"sao-eloi-ou-eligio","status":"publish","type":"post","link":"https:\/\/www.salvatorianas.org.br\/blog\/sao-eloi-ou-eligio\/","title":{"rendered":"S\u00c3O EL\u00d3I OU EL\u00cdGIO"},"content":{"rendered":"<p class=\"excerpt\">\n<p>El&oacute;i nasceu na Fran&ccedil;a, no ano de 588. Filho de modestos camponeses, recebeu como heran&ccedil;a uma esmerada educa&ccedil;&atilde;o crist&atilde; e a possibilidade de se formar como ourives, profiss&atilde;o que desempenhou com muita habilidade. <\/p>\n<p>Seu g&ecirc;nio era calmo e vivia praticamente como monge. Fugia das divers&otilde;es e o dinheiro que ganhava usava para ajudar pobres e abandonados. Sua fama chegou aos ouvidos do rei Clot&aacute;rio em Paris que o convidou a fazer um trono de ouro. Com o metal deixado pelo rei, El&oacute;i fez dois tronos, aproveitando muito bem o material. Confiando na honestidade de El&oacute;i,o rei o contratou para cuidar do tesouro real. <\/p>\n<p>Nesta &eacute;poca, El&oacute;i realizou outras obras de artes religiosas, como o t&uacute;mulo de S&atilde;o Martinho de Tours e o mausol&eacute;u de S&atilde;o Don&iacute;sio. Todo o dinheiro arrecado era usado para revitalizar mosteiros e obras de miseric&oacute;rdia. <\/p>\n<p>Em 639 ingressou para a vida religiosa e dois anos depois era consagrado Bispo de Noyon, na regi&atilde;o de Flandres. Foi uma exist&ecirc;ncia totalmente empenhada na campanha do norte da Fran&ccedil;a, Holanda e Alemanha. <\/p>\n<p>Morreu no dia 01 de dezembro de 660, na Holanda, durante uma miss&atilde;o evangelizadora. Santo El&oacute;i &eacute; padroeiro dos joalheiros e ourives.<\/p>\n<\/p>\n<p class=\"reflection\">\n<p><strong><span class=\"title\">Reflex&atilde;o:<\/span><\/strong>&nbsp;El&oacute;i evitou o luxo e viveu na pobreza e na piedade. Foi um incans&aacute;vel exemplo de humildade, caridade e mortifica&ccedil;&atilde;o. As prega&ccedil;&otilde;es de El&oacute;i e suas visitas as par&oacute;quias de sua diocese foram fatores essenciais para a convers&atilde;o do povo. A honestidade na vida profissional fez dele uma pessoa conhecida e querida pelo povo e pelas autoridades da &eacute;poca.<\/p>\n<\/p>\n<p class=\"pray\">\n<p><strong><span class=\"title\">Ora&ccedil;&atilde;o:<\/span><\/strong>&nbsp;Senhor, por intercess&atilde;o de Santo El&oacute;i, concedei-me ser atencioso e justo para com os mais humildes. Dai-me disponibilidade e empenho para que eu possa proporcionar, com os talentos que me destes, uma vida mais digna aos que me rodeiam. Santo Eloi, rogai por n&oacute;s.<\/p><\/p>\n","protected":false},"excerpt":{"rendered":"<p>El&oacute;i nasceu na Fran&ccedil;a, no ano de 588. Filho de modestos camponeses, recebeu como heran&ccedil;a uma esmerada educa&ccedil;&atilde;o crist&atilde; e a possibilidade de se formar como ourives, profiss&atilde;o que desempenhou com muita habilidade&#8230;.<\/p>\n","protected":false},"author":1,"featured_media":2623,"comment_status":"open","ping_status":"open","sticky":false,"template":"","format":"standard","meta":[],"categories":[6],"tags":[],"_links":{"self":[{"href":"https:\/\/www.salvatorianas.org.br\/blog\/wp-json\/wp\/v2\/posts\/2601"}],"collection":[{"href":"https:\/\/www.salvatorianas.org.br\/blog\/wp-json\/wp\/v2\/posts"}],"about":[{"href":"https:\/\/www.salvatorianas.org.br\/blog\/wp-json\/wp\/v2\/types\/post"}],"author":[{"embeddable":true,"href":"https:\/\/www.salvatorianas.org.br\/blog\/wp-json\/wp\/v2\/users\/1"}],"replies":[{"embeddable":true,"href":"https:\/\/www.salvatorianas.org.br\/blog\/wp-json\/wp\/v2\/comments?post=2601"}],"version-history":[{"count":1,"href":"https:\/\/www.salvatorianas.org.br\/blog\/wp-json\/wp\/v2\/posts\/2601\/revisions"}],"predecessor-version":[{"id":10043,"href":"https:\/\/www.salvatorianas.org.br\/blog\/wp-json\/wp\/v2\/posts\/2601\/revisions\/10043"}],"wp:featuredmedia":[{"embeddable":true,"href":"https:\/\/www.salvatorianas.org.br\/blog\/wp-json\/wp\/v2\/media\/2623"}],"wp:attachment":[{"href":"https:\/\/www.salvatorianas.org.br\/blog\/wp-json\/wp\/v2\/media?parent=2601"}],"wp:term":[{"taxonomy":"category","embeddable":true,"href":"https:\/\/www.salvatorianas.org.br\/blog\/wp-json\/wp\/v2\/categories?post=2601"},{"taxonomy":"post_tag","embeddable":true,"href":"https:\/\/www.salvatorianas.org.br\/blog\/wp-json\/wp\/v2\/tags?post=2601"}],"curies":[{"name":"wp","href":"https:\/\/api.w.org\/{rel}","templated":true}]}}