{"id":2586,"date":"2024-12-08T00:00:00","date_gmt":"2024-12-08T00:00:00","guid":{"rendered":"https:\/\/www.salvatorianas.org.br\/blog\/?p=2586"},"modified":"2024-01-22T11:19:47","modified_gmt":"2024-01-22T11:19:47","slug":"imaculada-conceicao-da-santissima-virgem","status":"publish","type":"post","link":"https:\/\/www.salvatorianas.org.br\/blog\/imaculada-conceicao-da-santissima-virgem\/","title":{"rendered":"IMACULADA CONCEI\u00c7\u00c3O DA SANT\u00cdSSIMA VIRGEM"},"content":{"rendered":"<p class=\"excerpt\">\n<p>Hoje a Igreja Cat&oacute;lica vivencia a proclama&ccedil;&atilde;o do dogma da Imaculada Concei&ccedil;&atilde;o de Maria. Os dogmas da Igreja s&atilde;o as verdades da f&eacute; consideradas doutrinas da igreja, nas quais os fi&eacute;is devem crer. O da Imaculada Concei&ccedil;&atilde;o foi defnido em 1854 pelo Papa Pio IX, atrav&eacute;s da Bula &ldquo;Ineffabilis Deus&rdquo; (inef&aacute;bilis Deus). <\/p>\n<p>A discuss&atilde;o sobre o nascimento Imaculado de Maria existia desde a Idade M&eacute;dia, mas foi o Beato franciscano Duns Scoto (sc&ocirc;to) que deu as bases teol&oacute;gicas para o dogma. Ela afirmou que o Filho de Deus n&atilde;o poderia ter nascido de algu&eacute;m marcado pelo pecado. Assim, a m&atilde;e de Jesus foi desde sempre livre de qualquer mancha de pecado. Nas apari&ccedil;&otilde;es de Lourdes o dogma foi confirmado. De fato, Maria dirigiu-se a Bernardete dizendo: &#8220;Eu sou a Imaculada Concei&ccedil;&atilde;o&#8221;. <\/p>\n<p>Deus quis preparar ao seu Filho uma digna habita&ccedil;&atilde;o. No seu projeto de reden&ccedil;&atilde;o da humanidade, manteve a M&atilde;e de Deus cheia de gra&ccedil;a, ainda no ventre materno. Mesmo tendo pais pecadores, a m&atilde;e de Jesus, por uma gra&ccedil;a especial, foi preservada do pecado original, sem a mancha do orgulho e do desamor.<\/p>\n<p>Nossa Senhora da Concei&ccedil;&atilde;o &eacute; a padroeira de grande n&uacute;mero de igrejas em todo o Brasil e no mundo. O tema da Imaculada &eacute; central no Advento, que se prepara para reviver o &ldquo;mist&eacute;rio da Reden&ccedil;&atilde;o&rdquo;, antecipando os sinais dos novos tempos, como: A Encarna&ccedil;&atilde;o do Verbo, a exulta&ccedil;&atilde;o do Precursor no seio materno, o &ldquo;Magnificat&rdquo; (magn&iacute;fica), o &ldquo;Gl&oacute;ria &rdquo; dos anjos, a alegria dos pastores e a luz dos magos.<\/p>\n<h4>&nbsp;<\/h4>\n<\/p>\n<p class=\"pray\">\n<p><strong>Ora&ccedil;&atilde;o:<\/strong> &Oacute; Virgem Imaculada, rogai por todos os vossos filhos e, em especial, por aqueles que sofrem, pelos que perderam a esperan&ccedil;a, pelos que n&atilde;o conhecem o vosso Jesus. Intercedei por n&oacute;s, querida M&atilde;e, para que, atrav&eacute;s da ora&ccedil;&atilde;o, possamos experimentar o poder de Deus em nossas vidas.<\/p><\/p>\n","protected":false},"excerpt":{"rendered":"<p>Hoje a Igreja Cat&oacute;lica vivencia a proclama&ccedil;&atilde;o do dogma da Imaculada Concei&ccedil;&atilde;o de Maria. Os dogmas da Igreja s&atilde;o as verdades da f&eacute; consideradas doutrinas da igreja, nas quais os fi&eacute;is devem crer&#8230;.<\/p>\n","protected":false},"author":1,"featured_media":2617,"comment_status":"open","ping_status":"open","sticky":false,"template":"","format":"standard","meta":[],"categories":[6],"tags":[],"_links":{"self":[{"href":"https:\/\/www.salvatorianas.org.br\/blog\/wp-json\/wp\/v2\/posts\/2586"}],"collection":[{"href":"https:\/\/www.salvatorianas.org.br\/blog\/wp-json\/wp\/v2\/posts"}],"about":[{"href":"https:\/\/www.salvatorianas.org.br\/blog\/wp-json\/wp\/v2\/types\/post"}],"author":[{"embeddable":true,"href":"https:\/\/www.salvatorianas.org.br\/blog\/wp-json\/wp\/v2\/users\/1"}],"replies":[{"embeddable":true,"href":"https:\/\/www.salvatorianas.org.br\/blog\/wp-json\/wp\/v2\/comments?post=2586"}],"version-history":[{"count":1,"href":"https:\/\/www.salvatorianas.org.br\/blog\/wp-json\/wp\/v2\/posts\/2586\/revisions"}],"predecessor-version":[{"id":10036,"href":"https:\/\/www.salvatorianas.org.br\/blog\/wp-json\/wp\/v2\/posts\/2586\/revisions\/10036"}],"wp:featuredmedia":[{"embeddable":true,"href":"https:\/\/www.salvatorianas.org.br\/blog\/wp-json\/wp\/v2\/media\/2617"}],"wp:attachment":[{"href":"https:\/\/www.salvatorianas.org.br\/blog\/wp-json\/wp\/v2\/media?parent=2586"}],"wp:term":[{"taxonomy":"category","embeddable":true,"href":"https:\/\/www.salvatorianas.org.br\/blog\/wp-json\/wp\/v2\/categories?post=2586"},{"taxonomy":"post_tag","embeddable":true,"href":"https:\/\/www.salvatorianas.org.br\/blog\/wp-json\/wp\/v2\/tags?post=2586"}],"curies":[{"name":"wp","href":"https:\/\/api.w.org\/{rel}","templated":true}]}}