{"id":2567,"date":"2024-12-23T00:00:00","date_gmt":"2024-12-23T00:00:00","guid":{"rendered":"https:\/\/www.salvatorianas.org.br\/blog\/?p=2567"},"modified":"2024-01-22T11:18:39","modified_gmt":"2024-01-22T11:18:39","slug":"sao-joao-cancio","status":"publish","type":"post","link":"https:\/\/www.salvatorianas.org.br\/blog\/sao-joao-cancio\/","title":{"rendered":"S\u00c3O JO\u00c3O C\u00c2NCIO"},"content":{"rendered":"<p class=\"excerpt\">\n<p>Jo&atilde;o C&acirc;ncio era polon&ecirc;s, nasceu em 23 de junho 1390, no povoado de Kenty. Conquistou todos os graus acad&ecirc;micos e lecionou em sua principal universidade at&eacute; &agrave; morte. Tamb&eacute;m foi sacerdote zeloso e fiel aos ensinamentos de Cristo. <\/p>\n<p>Mas a grande preocupa&ccedil;&atilde;o de seu magist&eacute;rio era transmitir aos alunos os conhecimentos &#8220;n&atilde;o &agrave; luz de uma ci&ecirc;ncia fria e an&ocirc;nima, mas como irradia&ccedil;&atilde;o da ci&ecirc;ncia suprema que tem sua fonte em Deus&#8221;. <\/p>\n<p>Mesmo depois de ordenar-se sacerdote continuou a cultivar a ci&ecirc;ncia. Homem de profunda vida interior jejuava e penitenciava-se semanalmente, ao mesmo tempo que espalhava o amor pelo pr&oacute;ximo entre os estudantes e os pobres da cidade. Foi um homem humilde e totalmente dispon&iacute;vel ao servi&ccedil;o dos irm&atilde;os. <\/p>\n<p>Distinguiu-se sobretudo por sua caridade e humildade. Tinha um cuidado especial para com os pobres, enfermos e &oacute;rf&atilde;os, oferecendo tudo o que possu&iacute;a e atestando ser esta uma das armas mais preciosas dos crist&atilde;os. <\/p>\n<p>Faleceu &agrave;s v&eacute;speras do Natal, em 24 de dezembro 1473.<\/p>\n<\/p>\n<p class=\"reflection\">\n<p><strong><span class=\"title\"> Reflex&atilde;o:<\/span><\/strong> Na hora de sua morte Jo&atilde;o C&acirc;ncio exortou: &#8221; Vigiai atentamente a doutrina e combatei toda opini&atilde;o contr&aacute;ria &agrave; verdade: mas revesti-vos neste combate das armas da PACI&Ecirc;NCIA, da DO&Ccedil;URA e da CARIDADE, recordando que a viol&ecirc;ncia, al&eacute;m do dano que faz &agrave;s nossas almas, prejudica as melhores causas&rdquo;.<\/p>\n<\/p>\n<p class=\"pray\">\n<p><strong><span class=\"title\">Ora&ccedil;&atilde;o:<\/span><\/strong> Senhor, pelos m&eacute;ritos de S&atilde;o Jo&atilde;o C&acirc;ncio, eu vos pe&ccedil;o o mais precioso dos dons, o da caridade. Fazei-me am&aacute;vel, tolerante, sol&iacute;cito, gentil e que todas as minhas atividades sejam baseadas no amor que Cristo nos ensinou. Am&eacute;m.<\/p><\/p>\n","protected":false},"excerpt":{"rendered":"<p>Jo&atilde;o C&acirc;ncio era polon&ecirc;s, nasceu em 23 de junho 1390, no povoado de Kenty. Conquistou todos os graus acad&ecirc;micos e lecionou em sua principal universidade at&eacute; &agrave; morte. Tamb&eacute;m foi sacerdote zeloso e&#8230;<\/p>\n","protected":false},"author":1,"featured_media":2579,"comment_status":"open","ping_status":"open","sticky":false,"template":"","format":"standard","meta":[],"categories":[6],"tags":[],"_links":{"self":[{"href":"https:\/\/www.salvatorianas.org.br\/blog\/wp-json\/wp\/v2\/posts\/2567"}],"collection":[{"href":"https:\/\/www.salvatorianas.org.br\/blog\/wp-json\/wp\/v2\/posts"}],"about":[{"href":"https:\/\/www.salvatorianas.org.br\/blog\/wp-json\/wp\/v2\/types\/post"}],"author":[{"embeddable":true,"href":"https:\/\/www.salvatorianas.org.br\/blog\/wp-json\/wp\/v2\/users\/1"}],"replies":[{"embeddable":true,"href":"https:\/\/www.salvatorianas.org.br\/blog\/wp-json\/wp\/v2\/comments?post=2567"}],"version-history":[{"count":1,"href":"https:\/\/www.salvatorianas.org.br\/blog\/wp-json\/wp\/v2\/posts\/2567\/revisions"}],"predecessor-version":[{"id":10024,"href":"https:\/\/www.salvatorianas.org.br\/blog\/wp-json\/wp\/v2\/posts\/2567\/revisions\/10024"}],"wp:featuredmedia":[{"embeddable":true,"href":"https:\/\/www.salvatorianas.org.br\/blog\/wp-json\/wp\/v2\/media\/2579"}],"wp:attachment":[{"href":"https:\/\/www.salvatorianas.org.br\/blog\/wp-json\/wp\/v2\/media?parent=2567"}],"wp:term":[{"taxonomy":"category","embeddable":true,"href":"https:\/\/www.salvatorianas.org.br\/blog\/wp-json\/wp\/v2\/categories?post=2567"},{"taxonomy":"post_tag","embeddable":true,"href":"https:\/\/www.salvatorianas.org.br\/blog\/wp-json\/wp\/v2\/tags?post=2567"}],"curies":[{"name":"wp","href":"https:\/\/api.w.org\/{rel}","templated":true}]}}