{"id":2543,"date":"2015-01-22T00:00:00","date_gmt":"2015-01-22T00:00:00","guid":{"rendered":"https:\/\/www.salvatorianas.org.br\/blog\/oracao-a-nossa-senhora-de-lourdes\/"},"modified":"2015-01-22T00:00:00","modified_gmt":"2015-01-22T00:00:00","slug":"oracao-a-nossa-senhora-de-lourdes","status":"publish","type":"post","link":"https:\/\/www.salvatorianas.org.br\/blog\/oracao-a-nossa-senhora-de-lourdes\/","title":{"rendered":"Ora\u00e7\u00e3o \u00e0 Nossa Senhora de Lourdes"},"content":{"rendered":"<p style=\"text-align: justify;\">&Oacute; Virgem pur&iacute;ssima, Nossa Senhora de Lourdes, que vos dignastes aparecer a Bernadette, no lugar solit&aacute;rio de uma gruta, para nos lembrar que &eacute; no sossego e recolhimento que Deus nos fala e n&oacute;s falamos com ele, ajudai-nos a encontrar o sossego e a paz da alma que nos ajudem a conservar-nos sempre unidos a Deus.<\/p>\n<p style=\"text-align: justify;\">Nossa Senhora da gruta, dai-me a gra&ccedil;a que vos pe&ccedil;o e tanto preciso (pedido).<br \/>Nossa Senhora de Lourdes, rogai por n&oacute;s. <strong>Am&eacute;m.<\/strong><\/p>\n","protected":false},"excerpt":{"rendered":"<p>&Oacute; Virgem pur&iacute;ssima, Nossa Senhora de Lourdes, que vos dignastes aparecer a Bernadette, no lugar solit&aacute;rio de uma gruta, para nos lembrar que &eacute; no sossego e recolhimento que Deus nos fala e&#8230;<\/p>\n","protected":false},"author":1,"featured_media":0,"comment_status":"open","ping_status":"open","sticky":false,"template":"","format":"standard","meta":[],"categories":[9],"tags":[],"_links":{"self":[{"href":"https:\/\/www.salvatorianas.org.br\/blog\/wp-json\/wp\/v2\/posts\/2543"}],"collection":[{"href":"https:\/\/www.salvatorianas.org.br\/blog\/wp-json\/wp\/v2\/posts"}],"about":[{"href":"https:\/\/www.salvatorianas.org.br\/blog\/wp-json\/wp\/v2\/types\/post"}],"author":[{"embeddable":true,"href":"https:\/\/www.salvatorianas.org.br\/blog\/wp-json\/wp\/v2\/users\/1"}],"replies":[{"embeddable":true,"href":"https:\/\/www.salvatorianas.org.br\/blog\/wp-json\/wp\/v2\/comments?post=2543"}],"version-history":[{"count":0,"href":"https:\/\/www.salvatorianas.org.br\/blog\/wp-json\/wp\/v2\/posts\/2543\/revisions"}],"wp:attachment":[{"href":"https:\/\/www.salvatorianas.org.br\/blog\/wp-json\/wp\/v2\/media?parent=2543"}],"wp:term":[{"taxonomy":"category","embeddable":true,"href":"https:\/\/www.salvatorianas.org.br\/blog\/wp-json\/wp\/v2\/categories?post=2543"},{"taxonomy":"post_tag","embeddable":true,"href":"https:\/\/www.salvatorianas.org.br\/blog\/wp-json\/wp\/v2\/tags?post=2543"}],"curies":[{"name":"wp","href":"https:\/\/api.w.org\/{rel}","templated":true}]}}