{"id":2541,"date":"2015-01-22T00:00:00","date_gmt":"2015-01-22T00:00:00","guid":{"rendered":"https:\/\/www.salvatorianas.org.br\/blog\/oracao-a-nossa-senhora-do-carmo\/"},"modified":"2015-01-22T00:00:00","modified_gmt":"2015-01-22T00:00:00","slug":"oracao-a-nossa-senhora-do-carmo","status":"publish","type":"post","link":"https:\/\/www.salvatorianas.org.br\/blog\/oracao-a-nossa-senhora-do-carmo\/","title":{"rendered":"Ora\u00e7\u00e3o \u00e0 Nossa Senhora do Carmo"},"content":{"rendered":"<p style=\"text-align: justify;\">&Oacute; bendita e imaculada Virgem Maria, honra e esplendor do Carmelo! V&oacute;s que olhais com especial bondade para quem tr&aacute;s o vosso bendito escapul&aacute;rio, olhai para mim benignamente e cobri-me com o manto de vossa fraqueza com o vosso poder, iluminai as trevas do meu esp&iacute;rito com a vossa sabedoria, aumentai em mim a f&eacute;, a esperan&ccedil;a e a caridade. Ornai minha alma com a gra&ccedil;a e as virtudes que a tornem agrad&aacute;vel ao vosso divino Filho. Assisti-me durante a vida, consolai-me na hora da morte com a vossa am&aacute;vel presen&ccedil;a e apresentai-me &agrave; Sant&iacute;ssima Trindade como vosso filho e servo dedicado; e l&aacute; do c&eacute;u, eu quero louvar-vos e bendizer-vos por toda a eternidade.<br \/>Nossa Senhora do Carmo libertai as benditas almas do purgat&oacute;rio.&nbsp;<strong>Am&eacute;m.<\/strong><\/p>\n","protected":false},"excerpt":{"rendered":"<p>&Oacute; bendita e imaculada Virgem Maria, honra e esplendor do Carmelo! V&oacute;s que olhais com especial bondade para quem tr&aacute;s o vosso bendito escapul&aacute;rio, olhai para mim benignamente e cobri-me com o manto&#8230;<\/p>\n","protected":false},"author":1,"featured_media":0,"comment_status":"open","ping_status":"open","sticky":false,"template":"","format":"standard","meta":[],"categories":[9],"tags":[],"_links":{"self":[{"href":"https:\/\/www.salvatorianas.org.br\/blog\/wp-json\/wp\/v2\/posts\/2541"}],"collection":[{"href":"https:\/\/www.salvatorianas.org.br\/blog\/wp-json\/wp\/v2\/posts"}],"about":[{"href":"https:\/\/www.salvatorianas.org.br\/blog\/wp-json\/wp\/v2\/types\/post"}],"author":[{"embeddable":true,"href":"https:\/\/www.salvatorianas.org.br\/blog\/wp-json\/wp\/v2\/users\/1"}],"replies":[{"embeddable":true,"href":"https:\/\/www.salvatorianas.org.br\/blog\/wp-json\/wp\/v2\/comments?post=2541"}],"version-history":[{"count":0,"href":"https:\/\/www.salvatorianas.org.br\/blog\/wp-json\/wp\/v2\/posts\/2541\/revisions"}],"wp:attachment":[{"href":"https:\/\/www.salvatorianas.org.br\/blog\/wp-json\/wp\/v2\/media?parent=2541"}],"wp:term":[{"taxonomy":"category","embeddable":true,"href":"https:\/\/www.salvatorianas.org.br\/blog\/wp-json\/wp\/v2\/categories?post=2541"},{"taxonomy":"post_tag","embeddable":true,"href":"https:\/\/www.salvatorianas.org.br\/blog\/wp-json\/wp\/v2\/tags?post=2541"}],"curies":[{"name":"wp","href":"https:\/\/api.w.org\/{rel}","templated":true}]}}