{"id":2540,"date":"2015-01-22T00:00:00","date_gmt":"2015-01-22T00:00:00","guid":{"rendered":"https:\/\/www.salvatorianas.org.br\/blog\/oracao-a-nossa-senhora-da-saude\/"},"modified":"2015-01-22T00:00:00","modified_gmt":"2015-01-22T00:00:00","slug":"oracao-a-nossa-senhora-da-saude","status":"publish","type":"post","link":"https:\/\/www.salvatorianas.org.br\/blog\/oracao-a-nossa-senhora-da-saude\/","title":{"rendered":"Ora\u00e7\u00e3o \u00e0 Nossa Senhora da Sa\u00fade"},"content":{"rendered":"<p style=\"text-align: justify;\">Virgem Pur&iacute;ssima, que sois a Sa&uacute;de dos Enfermos, o Ref&uacute;gio dos Pecadores, a Consoladora dos Aflitos e a Despenseira de todas as gra&ccedil;as, na minha fraqueza e no meu des&acirc;nimo apelo hoje, para os tesouros da vossa divina miseric&oacute;rdia e bondade e atrevo-me a chamar-vos pelo doce nome de M&atilde;e. Sim. &oacute; M&atilde;e, atendei-me em minha enfermidade, dai-me a sa&uacute;de do corpo para que possa cumprir os meus deveres com &acirc;nimo e alegria, e com a mesma disposi&ccedil;&atilde;o sirva a vosso Filho Jesus e agrade&ccedil;a a v&oacute;s, Sa&uacute;de dos enfermos.<br \/>Nossa Senhora da Sa&uacute;de, rogai por n&oacute;s. <strong>Am&eacute;m.<\/strong><\/p>\n","protected":false},"excerpt":{"rendered":"<p>Virgem Pur&iacute;ssima, que sois a Sa&uacute;de dos Enfermos, o Ref&uacute;gio dos Pecadores, a Consoladora dos Aflitos e a Despenseira de todas as gra&ccedil;as, na minha fraqueza e no meu des&acirc;nimo apelo hoje, para&#8230;<\/p>\n","protected":false},"author":1,"featured_media":0,"comment_status":"open","ping_status":"open","sticky":false,"template":"","format":"standard","meta":[],"categories":[9],"tags":[],"_links":{"self":[{"href":"https:\/\/www.salvatorianas.org.br\/blog\/wp-json\/wp\/v2\/posts\/2540"}],"collection":[{"href":"https:\/\/www.salvatorianas.org.br\/blog\/wp-json\/wp\/v2\/posts"}],"about":[{"href":"https:\/\/www.salvatorianas.org.br\/blog\/wp-json\/wp\/v2\/types\/post"}],"author":[{"embeddable":true,"href":"https:\/\/www.salvatorianas.org.br\/blog\/wp-json\/wp\/v2\/users\/1"}],"replies":[{"embeddable":true,"href":"https:\/\/www.salvatorianas.org.br\/blog\/wp-json\/wp\/v2\/comments?post=2540"}],"version-history":[{"count":0,"href":"https:\/\/www.salvatorianas.org.br\/blog\/wp-json\/wp\/v2\/posts\/2540\/revisions"}],"wp:attachment":[{"href":"https:\/\/www.salvatorianas.org.br\/blog\/wp-json\/wp\/v2\/media?parent=2540"}],"wp:term":[{"taxonomy":"category","embeddable":true,"href":"https:\/\/www.salvatorianas.org.br\/blog\/wp-json\/wp\/v2\/categories?post=2540"},{"taxonomy":"post_tag","embeddable":true,"href":"https:\/\/www.salvatorianas.org.br\/blog\/wp-json\/wp\/v2\/tags?post=2540"}],"curies":[{"name":"wp","href":"https:\/\/api.w.org\/{rel}","templated":true}]}}