{"id":2539,"date":"2015-01-22T00:00:00","date_gmt":"2015-01-22T00:00:00","guid":{"rendered":"https:\/\/www.salvatorianas.org.br\/blog\/oracao-a-nossa-senhora-do-perpetuo-socorro\/"},"modified":"2015-01-22T00:00:00","modified_gmt":"2015-01-22T00:00:00","slug":"oracao-a-nossa-senhora-do-perpetuo-socorro","status":"publish","type":"post","link":"https:\/\/www.salvatorianas.org.br\/blog\/oracao-a-nossa-senhora-do-perpetuo-socorro\/","title":{"rendered":"Ora\u00e7\u00e3o \u00e0 Nossa Senhora do Perp\u00e9tuo Socorro"},"content":{"rendered":"<p style=\"text-align: justify;\">Lembrai-vos, &oacute; pur&iacute;ssima Virgem Maria, que nunca se ouviu dizer que algum daqueles que tem recorrido a vossa prote&ccedil;&atilde;o, implorado o vosso aux&iacute;lio e reclamado o vosso socorro fosse por v&oacute;s desamparado.<\/p>\n<p style=\"text-align: justify;\">Animado eu, pois, com igual confian&ccedil;a, a v&oacute;s, Virgem das virgens, como &agrave; M&atilde;e recorro, em v&oacute;s me acolho e, gemendo sob o peso dos meus pecados, me prosto a vossos p&eacute;s.<\/p>\n<p style=\"text-align: justify;\">N&atilde;o desprezeis as minhas s&uacute;plicas, &oacute; M&atilde;e do Filho de Deus humanado, mas dignai-vos de as ouvir prop&iacute;cia, e de me alcan&ccedil;ar o que vos rogo.&nbsp;<strong>Am&eacute;m.<\/strong><\/p>\n","protected":false},"excerpt":{"rendered":"<p>Lembrai-vos, &oacute; pur&iacute;ssima Virgem Maria, que nunca se ouviu dizer que algum daqueles que tem recorrido a vossa prote&ccedil;&atilde;o, implorado o vosso aux&iacute;lio e reclamado o vosso socorro fosse por v&oacute;s desamparado. Animado&#8230;<\/p>\n","protected":false},"author":1,"featured_media":0,"comment_status":"open","ping_status":"open","sticky":false,"template":"","format":"standard","meta":[],"categories":[9],"tags":[],"_links":{"self":[{"href":"https:\/\/www.salvatorianas.org.br\/blog\/wp-json\/wp\/v2\/posts\/2539"}],"collection":[{"href":"https:\/\/www.salvatorianas.org.br\/blog\/wp-json\/wp\/v2\/posts"}],"about":[{"href":"https:\/\/www.salvatorianas.org.br\/blog\/wp-json\/wp\/v2\/types\/post"}],"author":[{"embeddable":true,"href":"https:\/\/www.salvatorianas.org.br\/blog\/wp-json\/wp\/v2\/users\/1"}],"replies":[{"embeddable":true,"href":"https:\/\/www.salvatorianas.org.br\/blog\/wp-json\/wp\/v2\/comments?post=2539"}],"version-history":[{"count":0,"href":"https:\/\/www.salvatorianas.org.br\/blog\/wp-json\/wp\/v2\/posts\/2539\/revisions"}],"wp:attachment":[{"href":"https:\/\/www.salvatorianas.org.br\/blog\/wp-json\/wp\/v2\/media?parent=2539"}],"wp:term":[{"taxonomy":"category","embeddable":true,"href":"https:\/\/www.salvatorianas.org.br\/blog\/wp-json\/wp\/v2\/categories?post=2539"},{"taxonomy":"post_tag","embeddable":true,"href":"https:\/\/www.salvatorianas.org.br\/blog\/wp-json\/wp\/v2\/tags?post=2539"}],"curies":[{"name":"wp","href":"https:\/\/api.w.org\/{rel}","templated":true}]}}