{"id":2414,"date":"2015-01-10T00:00:00","date_gmt":"2015-01-10T00:00:00","guid":{"rendered":"https:\/\/www.salvatorianas.org.br\/blog\/celebracao-marca-abertura-do-processo-de-beatificacao-de-zilda-arns\/"},"modified":"2015-01-10T00:00:00","modified_gmt":"2015-01-10T00:00:00","slug":"celebracao-marca-abertura-do-processo-de-beatificacao-de-zilda-arns","status":"publish","type":"post","link":"https:\/\/www.salvatorianas.org.br\/blog\/celebracao-marca-abertura-do-processo-de-beatificacao-de-zilda-arns\/","title":{"rendered":"Celebra\u00e7\u00e3o marca abertura do processo de beatifica\u00e7\u00e3o de Zilda Arns"},"content":{"rendered":"<p style=\"text-align: justify;\">[imagem1]&nbsp;O primeiro passo para a beatifica&ccedil;&atilde;o da m&eacute;dica e fundadora da Pastoral da Crian&ccedil;a, Zilda Arns Neumann, aconteceu no &uacute;ltimo s&aacute;bado, 10, na Arena da Baixada, em Curitiba (PR). Cerca de 40 mil pessoas de todos os estados brasileiros estiveram presentes na celebra&ccedil;&atilde;o que marcou a entrega oficial da mo&ccedil;&atilde;o que solicita a abertura do processo de beatifica&ccedil;&atilde;o de Zilda Arns.<\/p>\n<p style=\"text-align: justify;\">A mo&ccedil;&atilde;o &eacute; um documento que re&uacute;ne assinaturas, com o objetivo de demonstrar o apoio da popula&ccedil;&atilde;o a uma causa ou proposta. Neste caso, os fi&eacute;is apoiam o reconhecimento &agrave; fama de santidade e ao legado evangelizador e pastoral da doutora Zilda.<\/p>\n<p style=\"text-align: justify;\">A celebra&ccedil;&atilde;o eucar&iacute;stica foi conduzida pelo presidente da Confer&ecirc;ncia Nacional de Bispos do Brasil (CNBB), cardeal Raymundo Damasceno, e contou com a presen&ccedil;a de mais de 20 bispos de v&aacute;rios munic&iacute;pios brasileiros e autoridades municipais e estaduais.<\/p>\n<p style=\"text-align: justify;\"><strong>Beatifica&ccedil;&atilde;o<\/strong><\/p>\n<p style=\"text-align: justify;\">De acordo com Nelson Arns, coordenador nacional adjunto da Pastoral da Crian&ccedil;a e filho de Zilda, o evento foi resultado de uma rede nacional de mobiliza&ccedil;&atilde;o, que coletou assinaturas para a mo&ccedil;&atilde;o de apoio &agrave; beatifica&ccedil;&atilde;o. O documento com mais de 130 mil assinaturas foi entregue durante a celebra&ccedil;&atilde;o eucar&iacute;stica &agrave; arquidiocese de Curitiba e o pr&oacute;ximo passo ser&aacute; o encaminhamento do processo completo para o Vaticano.<\/p>\n<p style=\"text-align: justify;\">&ldquo;O trabalho de minha m&atilde;e &agrave; frente da Pastoral foi marcado pelo altru&iacute;smo e isso permanece at&eacute; hoje. As pessoas que integram a Pastoral buscam melhorar sua atua&ccedil;&atilde;o junto &agrave;s crian&ccedil;as e &agrave; sociedade, n&atilde;o pedem nada para si, mas pelos outros. O apoio &agrave; beatifica&ccedil;&atilde;o de uma pessoa que n&atilde;o era religiosa tamb&eacute;m chama a aten&ccedil;&atilde;o para o fato de que todos os crist&atilde;os s&atilde;o chamados &agrave; santidade, e n&atilde;o apenas aqueles que seguem a voca&ccedil;&atilde;o religiosa&rdquo;, disse.<\/p>\n<p style=\"text-align: justify;\">Para o arcebispo da Para&iacute;ba (PB) e membro do Conselho Diretor da Pastoral da Crian&ccedil;a, dom Aldo Di Cillo Pagoto, respons&aacute;vel pelo an&uacute;ncio de que a Igreja do Brasil daria in&iacute;cio ao pedido de beatifica&ccedil;&atilde;o de Zilda, o reconhecimento da m&eacute;dica representaria a valoriza&ccedil;&atilde;o do enorme legado deixado por ela. &ldquo;Zilda dedicou-se &agrave; uma certa concep&ccedil;&atilde;o de vida que precisa ser valorizada. Foi agregadora dos valores de defesa e promo&ccedil;&atilde;o da vida de crian&ccedil;as e idosos. Seu trabalho tem um car&aacute;ter sagrado, mas tamb&eacute;m pol&iacute;tico. Por isso pedimos reconhecimento para essa l&iacute;der e benem&eacute;rita&rdquo;, declarou.<\/p>\n<p style=\"text-align: justify;\"><strong>Biografia<\/strong><\/p>\n<p style=\"text-align: justify;\">[imagem2] Zilda Arns nasceu em 25 de agosto de 1934, em Forquilhinha, Santa Catarina (SC). Ela desenvolveu um importante trabalho social, reconhecido em todos o pa&iacute;s. Fundou a Pastoral da Crian&ccedil;a em 1983 e, mais tarde, a Pastoral da Pessoa Idosa. A m&eacute;dica pediatra e sanitarista ficou conhecida nacionalmente e em mais 21 pa&iacute;ses pelo trabalho de combate &agrave; mortalidade infantil e de prote&ccedil;&atilde;o a gestantes e idosos, com a ajuda de um ex&eacute;rcito de mais de 200 mil volunt&aacute;rios.<\/p>\n<p style=\"text-align: justify;\">A candidata &agrave; beata morreu no dia 12 de janeiro de 2010, durante o terremoto que devastou o Haiti, onde estava em miss&atilde;o humanit&aacute;ria, para introduzir a Pastoral da Crian&ccedil;a no pa&iacute;s. &nbsp;<\/p>\n<p style=\"text-align: justify;\">Zilda Arns encontrava-se em&nbsp;<a title=\"Porto Pr&iacute;ncipe\" href=\"http:\/\/pt.wikipedia.org\/wiki\/Porto_Pr%C3%ADncipe\">Porto Pr&iacute;ncipe<\/a>, em miss&atilde;o humanit&aacute;ria, para introduzir a Pastoral da Crian&ccedil;a no pa&iacute;s.<\/p>\n<p style=\"text-align: justify;\">&nbsp;<\/p>\n<p style=\"text-align: justify;\">Fonte: CNBB<\/p>\n","protected":false},"excerpt":{"rendered":"<p>[imagem1]&nbsp;O primeiro passo para a beatifica&ccedil;&atilde;o da m&eacute;dica e fundadora da Pastoral da Crian&ccedil;a, Zilda Arns Neumann, aconteceu no &uacute;ltimo s&aacute;bado, 10, na Arena da Baixada, em Curitiba (PR). Cerca de 40 mil&#8230;<\/p>\n","protected":false},"author":1,"featured_media":2488,"comment_status":"open","ping_status":"open","sticky":false,"template":"","format":"standard","meta":[],"categories":[1],"tags":[],"_links":{"self":[{"href":"https:\/\/www.salvatorianas.org.br\/blog\/wp-json\/wp\/v2\/posts\/2414"}],"collection":[{"href":"https:\/\/www.salvatorianas.org.br\/blog\/wp-json\/wp\/v2\/posts"}],"about":[{"href":"https:\/\/www.salvatorianas.org.br\/blog\/wp-json\/wp\/v2\/types\/post"}],"author":[{"embeddable":true,"href":"https:\/\/www.salvatorianas.org.br\/blog\/wp-json\/wp\/v2\/users\/1"}],"replies":[{"embeddable":true,"href":"https:\/\/www.salvatorianas.org.br\/blog\/wp-json\/wp\/v2\/comments?post=2414"}],"version-history":[{"count":0,"href":"https:\/\/www.salvatorianas.org.br\/blog\/wp-json\/wp\/v2\/posts\/2414\/revisions"}],"wp:featuredmedia":[{"embeddable":true,"href":"https:\/\/www.salvatorianas.org.br\/blog\/wp-json\/wp\/v2\/media\/2488"}],"wp:attachment":[{"href":"https:\/\/www.salvatorianas.org.br\/blog\/wp-json\/wp\/v2\/media?parent=2414"}],"wp:term":[{"taxonomy":"category","embeddable":true,"href":"https:\/\/www.salvatorianas.org.br\/blog\/wp-json\/wp\/v2\/categories?post=2414"},{"taxonomy":"post_tag","embeddable":true,"href":"https:\/\/www.salvatorianas.org.br\/blog\/wp-json\/wp\/v2\/tags?post=2414"}],"curies":[{"name":"wp","href":"https:\/\/api.w.org\/{rel}","templated":true}]}}