{"id":2380,"date":"2015-02-04T00:00:00","date_gmt":"2015-02-04T00:00:00","guid":{"rendered":"https:\/\/www.salvatorianas.org.br\/blog\/jornada-internacional-de-oracao-e-reflexao-contra-o-trafico-humano\/"},"modified":"2015-02-04T00:00:00","modified_gmt":"2015-02-04T00:00:00","slug":"jornada-internacional-de-oracao-e-reflexao-contra-o-trafico-humano","status":"publish","type":"post","link":"https:\/\/www.salvatorianas.org.br\/blog\/jornada-internacional-de-oracao-e-reflexao-contra-o-trafico-humano\/","title":{"rendered":"Jornada internacional de ora\u00e7\u00e3o e reflex\u00e3o contra o tr\u00e1fico humano"},"content":{"rendered":"<p style=\"text-align: justify;\">[imagem2]<\/p>\n<p style=\"text-align: justify;\">&nbsp;<\/p>\n<p style=\"text-align: justify;\">O papa Francisco convocou para este domingo, 8 de dezembro, o Dia Internacional de Ora&ccedil;&atilde;o e Reflex&atilde;o contra o Tr&aacute;fico de Pessoas. A iniciativa tem como tema: <strong>&ldquo;Acenda uma luz contra o tr&aacute;fico de pessoas&rdquo;<\/strong>. &Eacute; promovida pelos Pontif&iacute;cios Conselhos dos Migrantes e da Justi&ccedil;a, em parceria com a Uni&atilde;o Internacional dos Superiores Gerais.<\/p>\n<p style=\"text-align: justify;\">Para este Dia Internacional de Ora&ccedil;&atilde;o, foi criada uma p&aacute;gina na internet (<a href=\"http:\/\/a-light-against-human-trafficking.info\/\">http:\/\/a-light-against-human-trafficking.info\/<\/a>), dispon&iacute;vel em italiano, ingl&ecirc;s e espanhol, que traz informa&ccedil;&otilde;es sobre o tr&aacute;fico humano em todo o mundo e testemunhos de viv&ecirc;ncia e de luta contra essa realidade. Tamb&eacute;m a iniciativa prop&otilde;e que seja acesa uma vela simbolizando o pedido para que o tr&aacute;fico tenha fim. No <a href=\"http:\/\/www.a-light-against-human-trafficking.info\/\">site<\/a>&nbsp;podem ser compartilhados testemunhos &ldquo;de esperan&ccedil;a e liberdade&rdquo;.<\/p>\n<p style=\"text-align: justify;\">&nbsp;<\/p>\n<p style=\"text-align: justify;\">&nbsp;<\/p>\n<p style=\"text-align: justify;\">&nbsp;<\/p>\n<p style=\"text-align: justify;\">&nbsp;<\/p>\n<p style=\"text-align: justify;\"><strong><font face=\"tahoma, geneva, sans-serif\">Materiais de apoio para o Dia de Ora&ccedil;&atilde;o contra o Tr&aacute;fico Humano<\/font><\/strong><\/p>\n<p style=\"text-align: justify;\"><a href=\"http:\/\/a-light-against-human-trafficking.info\/static\/prayers\/vig%C3%ADlia_de_ora%C3%A7%C3%A3o.pdf\" target=\"_blank\">VIG&Iacute;LIA DE ORA&Ccedil;&Atilde;O<\/a><\/p>\n<p style=\"text-align: justify;\"><u><a href=\"http:\/\/a-light-against-human-trafficking.info\/static\/santini\/prayer_card_portuguese.pdf\">CART&Atilde;O DE ORA&Ccedil;&Atilde;O<\/a><\/u><\/p>\n<p style=\"text-align: justify;\">&nbsp;<\/p>\n<p style=\"text-align: center;\"><strong>VENHA ACENDER UMA VELA PELA VIDA!<\/strong><\/p>\n","protected":false},"excerpt":{"rendered":"<p>[imagem2] &nbsp; O papa Francisco convocou para este domingo, 8 de dezembro, o Dia Internacional de Ora&ccedil;&atilde;o e Reflex&atilde;o contra o Tr&aacute;fico de Pessoas. A iniciativa tem como tema: &ldquo;Acenda uma luz contra&#8230;<\/p>\n","protected":false},"author":1,"featured_media":2518,"comment_status":"open","ping_status":"open","sticky":false,"template":"","format":"standard","meta":[],"categories":[1],"tags":[],"_links":{"self":[{"href":"https:\/\/www.salvatorianas.org.br\/blog\/wp-json\/wp\/v2\/posts\/2380"}],"collection":[{"href":"https:\/\/www.salvatorianas.org.br\/blog\/wp-json\/wp\/v2\/posts"}],"about":[{"href":"https:\/\/www.salvatorianas.org.br\/blog\/wp-json\/wp\/v2\/types\/post"}],"author":[{"embeddable":true,"href":"https:\/\/www.salvatorianas.org.br\/blog\/wp-json\/wp\/v2\/users\/1"}],"replies":[{"embeddable":true,"href":"https:\/\/www.salvatorianas.org.br\/blog\/wp-json\/wp\/v2\/comments?post=2380"}],"version-history":[{"count":0,"href":"https:\/\/www.salvatorianas.org.br\/blog\/wp-json\/wp\/v2\/posts\/2380\/revisions"}],"wp:featuredmedia":[{"embeddable":true,"href":"https:\/\/www.salvatorianas.org.br\/blog\/wp-json\/wp\/v2\/media\/2518"}],"wp:attachment":[{"href":"https:\/\/www.salvatorianas.org.br\/blog\/wp-json\/wp\/v2\/media?parent=2380"}],"wp:term":[{"taxonomy":"category","embeddable":true,"href":"https:\/\/www.salvatorianas.org.br\/blog\/wp-json\/wp\/v2\/categories?post=2380"},{"taxonomy":"post_tag","embeddable":true,"href":"https:\/\/www.salvatorianas.org.br\/blog\/wp-json\/wp\/v2\/tags?post=2380"}],"curies":[{"name":"wp","href":"https:\/\/api.w.org\/{rel}","templated":true}]}}