{"id":2371,"date":"2015-02-14T00:00:00","date_gmt":"2015-02-14T00:00:00","guid":{"rendered":"https:\/\/www.salvatorianas.org.br\/blog\/palestra-sobre-a-importancia-da-avaliacao-no-processo-de-aprendizagem-encerra-semana-pedagogica-no-bom-conselho\/"},"modified":"2015-02-14T00:00:00","modified_gmt":"2015-02-14T00:00:00","slug":"palestra-sobre-a-importancia-da-avaliacao-no-processo-de-aprendizagem-encerra-semana-pedagogica-no-bom-conselho","status":"publish","type":"post","link":"https:\/\/www.salvatorianas.org.br\/blog\/palestra-sobre-a-importancia-da-avaliacao-no-processo-de-aprendizagem-encerra-semana-pedagogica-no-bom-conselho\/","title":{"rendered":"Palestra sobre a Import\u00e2ncia da Avalia\u00e7\u00e3o no Processo de Aprendizagem encerra Semana Pedag\u00f3gica no Bom Conselho"},"content":{"rendered":"<p style=\"text-align: justify;\">[imagem1]<\/p>\n<p style=\"text-align: justify;\">A Semana Pedag&oacute;gica no Col&eacute;gio Salvatoriano Bom Conselho, que aconteceu de 9 a 12 de fevereiro, proporcionou a comunidade educativa momentos de integra&ccedil;&atilde;o, estudo, reflex&atilde;o e prepara&ccedil;&atilde;o para o ano letivo 2015. A Semana que contou com um cronograma rico de atividades, encerrou na &uacute;ltima quinta-feira (12), com palestra nos turnos manh&atilde; e tarde, da N&aacute;gila Cristina Hinckel, do Instituto Aempreender, que trabalhou com todos os educadores o tema: Avalia&ccedil;&atilde;o.&nbsp;<\/p>\n<p style=\"text-align: justify;\">Ao iniciar a conversa com os professores N&aacute;gila convidou os participantes a fazerem lembran&ccedil;a, registrar e partilhar de como foi avaliado na sua vida estudantil. A cada partilha foi poss&iacute;vel notar como uma avalia&ccedil;&atilde;o deixa marcas em nossa vida seja ela positiva ou n&atilde;o. &nbsp;Frente a isso, ficou claro que a avalia&ccedil;&atilde;o precisa ser encarada como parte do processo pedag&oacute;gico e n&atilde;o o fim, pois a avalia&ccedil;&atilde;o &eacute; um caminho para a aprendizagem.<\/p>\n<p style=\"text-align: justify;\">Durante a palestra foram realizadas diferentes din&acirc;micas para demonstrar as diversas formas de melhor avaliar, j&aacute; que a avalia&ccedil;&atilde;o n&atilde;o &eacute; conhecimento, mas faz parte do processo educacional. O papel do professor como mediador do processo de aprendizagem precisa encontrar meios para que o aluno participe da constru&ccedil;&atilde;o do conhecimento e n&atilde;o s&oacute; do seu resultado, uma vez que, o aluno ao &ldquo;apreender&rdquo; de um &ldquo;saber&rdquo;, demonstra cada vez mais gosto em estudar e adquirir conhecimento.<\/p>\n<p style=\"text-align: justify;\">&ldquo;O erro na avalia&ccedil;&atilde;o, representa ind&iacute;cios no replanejamento do professor para reorganiza&ccedil;&atilde;o did&aacute;tico pedag&oacute;gico&rdquo;, ressaltou N&aacute;gila. A palestrante tamb&eacute;m destacou que o aluno necessita receber est&iacute;mulos do professor como tamb&eacute;m acreditar no seu potencial e habilidades. Ao indicar algumas etapas para a a&ccedil;&atilde;o docente N&aacute;gila Cristina aponta a import&acirc;ncia do conhecimento da Lei de Diretrizes e Bases da Educa&ccedil;&atilde;o Nacional (LDB); a Miss&atilde;o, Vis&atilde;o, Valores da institui&ccedil;&atilde;o; o Projeto Pol&iacute;tico Pedag&oacute;gico do Col&eacute;gio, as pessoas com quem se trabalha e a infraestrutura da escola.<\/p>\n<p style=\"text-align: justify;\">Em seguida, os educadores foram convidados a criarem os perfis dos alunos do Ensino Fundamental I, Ensino Fundamental II e Ensino M&eacute;dio, para assim conhecerem melhor o educando. Ao encerrar os professores foram divididos em grupos para fazer uma an&aacute;lise cr&iacute;tica de avalia&ccedil;&otilde;es em diferentes &aacute;reas do conhecimento aplicadas aos alunos do Col&eacute;gio a partir de um check list, e assim identificar as lacunas e sugerir melhorias.<\/p>\n<p style=\"text-align: justify;\">Para os professores da Educa&ccedil;&atilde;o Infantil e 1&ordm;s anos do Ensino Fundamental I, que trabalham com pareceres, N&aacute;gila destacou a import&acirc;ncia de se ter um planejamento claro, com objetivos e estrat&eacute;gias bem estabelecidas para que, com base nos registros di&aacute;rios sobre os alunos para que o professor possa construir os pareceres de maneira mais personalizada, ou seja, apresentando as caracter&iacute;sticas e evolu&ccedil;&atilde;o particular de cada aluno.<\/p>\n","protected":false},"excerpt":{"rendered":"<p>[imagem1] A Semana Pedag&oacute;gica no Col&eacute;gio Salvatoriano Bom Conselho, que aconteceu de 9 a 12 de fevereiro, proporcionou a comunidade educativa momentos de integra&ccedil;&atilde;o, estudo, reflex&atilde;o e prepara&ccedil;&atilde;o para o ano letivo 2015&#8230;.<\/p>\n","protected":false},"author":1,"featured_media":2478,"comment_status":"open","ping_status":"open","sticky":false,"template":"","format":"standard","meta":[],"categories":[1],"tags":[],"_links":{"self":[{"href":"https:\/\/www.salvatorianas.org.br\/blog\/wp-json\/wp\/v2\/posts\/2371"}],"collection":[{"href":"https:\/\/www.salvatorianas.org.br\/blog\/wp-json\/wp\/v2\/posts"}],"about":[{"href":"https:\/\/www.salvatorianas.org.br\/blog\/wp-json\/wp\/v2\/types\/post"}],"author":[{"embeddable":true,"href":"https:\/\/www.salvatorianas.org.br\/blog\/wp-json\/wp\/v2\/users\/1"}],"replies":[{"embeddable":true,"href":"https:\/\/www.salvatorianas.org.br\/blog\/wp-json\/wp\/v2\/comments?post=2371"}],"version-history":[{"count":0,"href":"https:\/\/www.salvatorianas.org.br\/blog\/wp-json\/wp\/v2\/posts\/2371\/revisions"}],"wp:featuredmedia":[{"embeddable":true,"href":"https:\/\/www.salvatorianas.org.br\/blog\/wp-json\/wp\/v2\/media\/2478"}],"wp:attachment":[{"href":"https:\/\/www.salvatorianas.org.br\/blog\/wp-json\/wp\/v2\/media?parent=2371"}],"wp:term":[{"taxonomy":"category","embeddable":true,"href":"https:\/\/www.salvatorianas.org.br\/blog\/wp-json\/wp\/v2\/categories?post=2371"},{"taxonomy":"post_tag","embeddable":true,"href":"https:\/\/www.salvatorianas.org.br\/blog\/wp-json\/wp\/v2\/tags?post=2371"}],"curies":[{"name":"wp","href":"https:\/\/api.w.org\/{rel}","templated":true}]}}