{"id":2348,"date":"2015-02-20T00:00:00","date_gmt":"2015-02-20T00:00:00","guid":{"rendered":"https:\/\/www.salvatorianas.org.br\/blog\/curso-de-missiologia-e-animacao-pastoral-promove-agentes-para-acao-e-animacao-missionaria\/"},"modified":"2015-02-20T00:00:00","modified_gmt":"2015-02-20T00:00:00","slug":"curso-de-missiologia-e-animacao-pastoral-promove-agentes-para-acao-e-animacao-missionaria","status":"publish","type":"post","link":"https:\/\/www.salvatorianas.org.br\/blog\/curso-de-missiologia-e-animacao-pastoral-promove-agentes-para-acao-e-animacao-missionaria\/","title":{"rendered":"Curso de Missiologia e Anima\u00e7\u00e3o Pastoral promove agentes para a\u00e7\u00e3o e  anima\u00e7\u00e3o mission\u00e1ria"},"content":{"rendered":"<p style=\"text-align: justify;\">[imagem1]<\/p>\n<p style=\"text-align: justify;\">&nbsp;<\/p>\n<p style=\"text-align: justify;\">Com a finalidade de oferecer uma forma&ccedil;&atilde;o espec&iacute;fica a leigos e leigas, religiosos e religiosas, di&aacute;conos e presb&iacute;teros engajados na anima&ccedil;&atilde;o mission&aacute;ria, o Curso de Extens&atilde;o em Missiologia e Anima&ccedil;&atilde;o Pastoral, promovido pelo Centro Cultural Mission&aacute;rio (CCM) de Bras&iacute;lia em parceria com o Instituto Superior de Filosofia Berthier (IFIBE), de Passo Fundo (RS), busca motivar os agentes &agrave; causa mission&aacute;ria. A iniciativa conta com 29 participantes entre eles, a Ir. Iraci Lazzarotto &ndash; Salvatoriana.<\/p>\n<p style=\"text-align: justify;\">A forma&ccedil;&atilde;o de agentes que se dedicam &agrave; anima&ccedil;&atilde;o mission&aacute;ria &eacute; um fator b&aacute;sico para o desenvolvimento das atividades e para levar adiante um projeto de Igreja disc&iacute;pula-mission&aacute;ria na perspectiva do documento de Aparecida. Eles e elas s&atilde;o chamados a assumir um aut&ecirc;ntico esp&iacute;rito mission&aacute;rio numa &eacute;poca em que essa dimens&atilde;o &eacute; solicitada por todos os &acirc;mbitos eclesiais.<\/p>\n<p style=\"text-align: justify;\">O curso consta de tr&ecirc;s m&oacute;dulos de dez dias cada um, ao longo de tr&ecirc;s anos: 1&ordm; O an&uacute;ncio da Palavra; 2&ordm; A comunidade em miss&atilde;o; 3&ordm; Testemunhas a servi&ccedil;o do Reino. Nestes m&oacute;dulos, o tema da miss&atilde;o &eacute; tratado sob quatro enfoques: contextual, fundamental, pastoral e mission&aacute;ria.&nbsp;&nbsp; &nbsp;&nbsp;Cada uma dessas perspectivas tem tr&ecirc;s abordagens: o desafio cultural, religioso e social no mundo de hoje (&oacute;tica contextual: os sinais dos tempos); as dimens&otilde;es b&iacute;blica, eclesiol&oacute;gica e teol&oacute;gica (&oacute;tica fundamental: teologia da miss&atilde;o); as media&ccedil;&otilde;es da catequese, da liturgia e da par&oacute;quia mission&aacute;ria (&oacute;tica pastoral: os caminhos da miss&atilde;o); os &acirc;mbitos da comunica&ccedil;&atilde;o, do di&aacute;logo inter-religioso e da educa&ccedil;&atilde;o &agrave; mundialidade (&oacute;tica mission&aacute;ria: as fronteiras da miss&atilde;o).<\/p>\n<p style=\"text-align: justify;\">O Curso possibilitou a conviv&ecirc;ncia &nbsp;com mestres em diferentes campos do conhecimento, com experi&ecirc;ncia de atua&ccedil;&atilde;o no tema especifico de cada m&oacute;dulo e com titula&ccedil;&atilde;o adequada, participaram mission&aacute;rios, religiosas, padres e leigos de diversas nacionalidades com variedade de experi&ecirc;ncias vividas e partilhadas.<\/p>\n<p style=\"text-align: justify;\">&ldquo;Os temas abordados foram enriquecedores, desafiadores e provocaram em n&oacute;s o desejo de dinamizar cada vez mais o ser disc&iacute;pulo mission&aacute;rios de Jesus, numa igreja em constante estado de miss&atilde;o&rdquo;, ressaltou Ir. Iraci. Os participantes despertados pelo apelo do Papa Francisco &ldquo;ser uma igreja de sa&iacute;da&#8230;&rdquo;, foram interpelados a fazer acontecer o Reino de Deus nos diversos rostos sofridos da humanidade. E assim, todos conclu&iacute;ram o curso com forte ardor mission&aacute;rio e apaixonados por Jesus e seu Projeto.<\/p>\n<p style=\"text-align: justify;\">Durante o curso, os participantes puderam partilhar a miss&atilde;o que realizam nas diferentes &nbsp;culturas e participar das celebra&ccedil;&otilde;es que muito contribu&iacute;ram no fortalecimento da f&eacute; e &nbsp;voca&ccedil;&atilde;o. O curso proporcionou momentos de alegria, estudo, passeio, confraterniza&ccedil;&atilde;o; e tudo isso veio fortalecer e renovar o ardor mission&aacute;rio do grupo.<\/p>\n<p style=\"text-align: justify;\">&ldquo;Agrade&ccedil;o a Deus, a comunidade Santa Clara, a Prov&iacute;ncia e o CCM pela oportunidade que nos foi dada, e incentivamos outras pessoas a ter esta experi&ecirc;ncia de uma forma&ccedil;&atilde;o mission&aacute;ria&rdquo;, conclui Ir. Iraci Lazzarotto.<\/p>\n","protected":false},"excerpt":{"rendered":"<p>[imagem1] &nbsp; Com a finalidade de oferecer uma forma&ccedil;&atilde;o espec&iacute;fica a leigos e leigas, religiosos e religiosas, di&aacute;conos e presb&iacute;teros engajados na anima&ccedil;&atilde;o mission&aacute;ria, o Curso de Extens&atilde;o em Missiologia e Anima&ccedil;&atilde;o Pastoral,&#8230;<\/p>\n","protected":false},"author":1,"featured_media":2511,"comment_status":"open","ping_status":"open","sticky":false,"template":"","format":"standard","meta":[],"categories":[1],"tags":[],"_links":{"self":[{"href":"https:\/\/www.salvatorianas.org.br\/blog\/wp-json\/wp\/v2\/posts\/2348"}],"collection":[{"href":"https:\/\/www.salvatorianas.org.br\/blog\/wp-json\/wp\/v2\/posts"}],"about":[{"href":"https:\/\/www.salvatorianas.org.br\/blog\/wp-json\/wp\/v2\/types\/post"}],"author":[{"embeddable":true,"href":"https:\/\/www.salvatorianas.org.br\/blog\/wp-json\/wp\/v2\/users\/1"}],"replies":[{"embeddable":true,"href":"https:\/\/www.salvatorianas.org.br\/blog\/wp-json\/wp\/v2\/comments?post=2348"}],"version-history":[{"count":0,"href":"https:\/\/www.salvatorianas.org.br\/blog\/wp-json\/wp\/v2\/posts\/2348\/revisions"}],"wp:featuredmedia":[{"embeddable":true,"href":"https:\/\/www.salvatorianas.org.br\/blog\/wp-json\/wp\/v2\/media\/2511"}],"wp:attachment":[{"href":"https:\/\/www.salvatorianas.org.br\/blog\/wp-json\/wp\/v2\/media?parent=2348"}],"wp:term":[{"taxonomy":"category","embeddable":true,"href":"https:\/\/www.salvatorianas.org.br\/blog\/wp-json\/wp\/v2\/categories?post=2348"},{"taxonomy":"post_tag","embeddable":true,"href":"https:\/\/www.salvatorianas.org.br\/blog\/wp-json\/wp\/v2\/tags?post=2348"}],"curies":[{"name":"wp","href":"https:\/\/api.w.org\/{rel}","templated":true}]}}