{"id":2338,"date":"2015-02-24T00:00:00","date_gmt":"2015-02-24T00:00:00","guid":{"rendered":"https:\/\/www.salvatorianas.org.br\/blog\/religioso-brasileiro-e-anfitriao-do-papa-nos-exercicios-espirituais\/"},"modified":"2015-02-24T00:00:00","modified_gmt":"2015-02-24T00:00:00","slug":"religioso-brasileiro-e-anfitriao-do-papa-nos-exercicios-espirituais","status":"publish","type":"post","link":"https:\/\/www.salvatorianas.org.br\/blog\/religioso-brasileiro-e-anfitriao-do-papa-nos-exercicios-espirituais\/","title":{"rendered":"Religioso brasileiro \u00e9 anfitri\u00e3o do Papa nos Exerc\u00edcios Espirituais"},"content":{"rendered":"<p style=\"text-align: justify;\">[imagem1]<\/p>\n<p style=\"text-align: justify;\">Acompanhado de um grupo de bispos colaboradores da C&uacute;ria Romana, o papa participa da Semana de Exerc&iacute;cio Espirituais da Quaresma at&eacute; 1&ordm; de mar&ccedil;o.<\/p>\n<p style=\"text-align: justify;\">&nbsp;O encontro acontece na cidade de Ariccia, em Roma, na Casa &ldquo;Divino Mestre&rdquo;, da Congrega&ccedil;&atilde;o dos Padres e Irm&atilde;os Paulinos. Este ano, o sacerdote carmelita, padre Bruno Secondin, &eacute; o respons&aacute;vel pelas prega&ccedil;&otilde;es e medita&ccedil;&otilde;es do retiro, que tem como tema &ldquo;Sair da pr&oacute;pria Aldeia&rdquo;, com leitura pastoral do profeta Elias.<\/p>\n<p style=\"text-align: justify;\">O tema da medita&ccedil;&atilde;o di&aacute;ria &eacute; &ldquo;Caminhos de autenticidade&rdquo;, dividida em duas sess&otilde;es. Pela manh&atilde;, refletiu-se sobre &ldquo;Vai rumo ao Oriente, esconde-te: regressar &agrave;s ra&iacute;zes&rdquo;. Na parte da tarde, &ldquo;Expor-se: n&atilde;o &agrave; ambiguidade e sim &agrave; coragem&rdquo;.<\/p>\n<p style=\"text-align: justify;\">Durante estes dias de Exerc&iacute;cios Espirituais est&atilde;o suspensas as audi&ecirc;ncias privadas e especiais, inclusive a audi&ecirc;ncia geral de quarta-feira, no Vaticano. N&atilde;o haver&aacute;, tamb&eacute;m, as celebra&ccedil;&otilde;es das missas da manh&atilde; na Casa Santa Marta.&nbsp;<\/p>\n<p style=\"text-align: justify;\"><strong>Acolhida fraterna &nbsp;<\/strong><\/p>\n<p style=\"text-align: justify;\">Ao chegar na Casa &ldquo;Divino Mestre&rdquo;, o papa Francisco foi recebido pelo seu anfitri&atilde;o rec&eacute;m-eleito superior da Pia Sociedade de S&atilde;o Paulo, o padre brasileiro Valdir Jos&eacute; de Castro. Em entrevista ao Programa Brasileiro, o sacerdote fala da alegria de receber o Santo Padre.<\/p>\n<p style=\"text-align: justify;\">&nbsp;&ldquo;N&oacute;s estamos muito contentes em acolher o Papa Francisco na nossa casa de retiro em Ariccia. H&aacute; pouco, n&oacute;s terminamos o X Cap&iacute;tulo Geral, onde tivemos muito presente a Exorta&ccedil;&atilde;o Apost&oacute;lica do Papa, a Evangelii Gaudium. E a presen&ccedil;a do Papa na nossa casa &eacute; uma confirma&ccedil;&atilde;o dessa alegria que temos de termos tamb&eacute;m esta Exorta&ccedil;&atilde;o como uma guia segura e muito atual para a nossa evangeliza&ccedil;&atilde;o com os meios de comunica&ccedil;&atilde;o social. O Papa esteve aqui no ano passado, est&aacute; voltando este ano, &eacute; sinal de que gostou e, para n&oacute;s, &eacute; uma grande alegria e satisfa&ccedil;&atilde;o t&ecirc;-lo entre n&oacute;s&rdquo;, disse padre Valdir.<\/p>\n<p style=\"text-align: justify;\">&nbsp;Em 4 de fevereiro, padre Valdir Jos&eacute; de Castro foi eleito superior geral da Congrega&ccedil;&atilde;o dos Padres e Irm&atilde;os Paulinos. Ele &eacute; o s&eacute;timo sucessor do fundador da Congrega&ccedil;&atilde;o, padre Tiago Alberione.&nbsp; Padre Valdir &eacute; jornalista, mestre em Comunica&ccedil;&atilde;o e Mercado. &Eacute; doutor em Comunica&ccedil;&atilde;o e Semi&oacute;tica. Ocupava, at&eacute; a data da nomea&ccedil;&atilde;o, a fun&ccedil;&atilde;o de diretor da Faculdade Paulus de Tecnologia e Comunica&ccedil;&atilde;o (Fapcom) e a presid&ecirc;ncia da Pia Sociedade de S&atilde;o Paulo.<\/p>\n<p style=\"text-align: justify;\">&nbsp;<\/p>\n<p style=\"text-align: justify;\">Fonte: CNBB\/CRB<\/p>\n","protected":false},"excerpt":{"rendered":"<p>[imagem1] Acompanhado de um grupo de bispos colaboradores da C&uacute;ria Romana, o papa participa da Semana de Exerc&iacute;cio Espirituais da Quaresma at&eacute; 1&ordm; de mar&ccedil;o. &nbsp;O encontro acontece na cidade de Ariccia, em&#8230;<\/p>\n","protected":false},"author":1,"featured_media":2489,"comment_status":"open","ping_status":"open","sticky":false,"template":"","format":"standard","meta":[],"categories":[1],"tags":[],"_links":{"self":[{"href":"https:\/\/www.salvatorianas.org.br\/blog\/wp-json\/wp\/v2\/posts\/2338"}],"collection":[{"href":"https:\/\/www.salvatorianas.org.br\/blog\/wp-json\/wp\/v2\/posts"}],"about":[{"href":"https:\/\/www.salvatorianas.org.br\/blog\/wp-json\/wp\/v2\/types\/post"}],"author":[{"embeddable":true,"href":"https:\/\/www.salvatorianas.org.br\/blog\/wp-json\/wp\/v2\/users\/1"}],"replies":[{"embeddable":true,"href":"https:\/\/www.salvatorianas.org.br\/blog\/wp-json\/wp\/v2\/comments?post=2338"}],"version-history":[{"count":0,"href":"https:\/\/www.salvatorianas.org.br\/blog\/wp-json\/wp\/v2\/posts\/2338\/revisions"}],"wp:featuredmedia":[{"embeddable":true,"href":"https:\/\/www.salvatorianas.org.br\/blog\/wp-json\/wp\/v2\/media\/2489"}],"wp:attachment":[{"href":"https:\/\/www.salvatorianas.org.br\/blog\/wp-json\/wp\/v2\/media?parent=2338"}],"wp:term":[{"taxonomy":"category","embeddable":true,"href":"https:\/\/www.salvatorianas.org.br\/blog\/wp-json\/wp\/v2\/categories?post=2338"},{"taxonomy":"post_tag","embeddable":true,"href":"https:\/\/www.salvatorianas.org.br\/blog\/wp-json\/wp\/v2\/tags?post=2338"}],"curies":[{"name":"wp","href":"https:\/\/api.w.org\/{rel}","templated":true}]}}