{"id":2322,"date":"2015-03-05T00:00:00","date_gmt":"2015-03-05T00:00:00","guid":{"rendered":"https:\/\/www.salvatorianas.org.br\/blog\/4-simposio-de-missiologia-debate-sobre-a-pratica-missionaria-no-mundo-digitalizado\/"},"modified":"2015-03-05T00:00:00","modified_gmt":"2015-03-05T00:00:00","slug":"4-simposio-de-missiologia-debate-sobre-a-pratica-missionaria-no-mundo-digitalizado","status":"publish","type":"post","link":"https:\/\/www.salvatorianas.org.br\/blog\/4-simposio-de-missiologia-debate-sobre-a-pratica-missionaria-no-mundo-digitalizado\/","title":{"rendered":"4\u00ba Simp\u00f3sio de Missiologia debate sobre a pr\u00e1tica mission\u00e1ria no mundo digitalizado"},"content":{"rendered":"<p style=\"text-align: justify;\">[imagem1]<\/p>\n<p style=\"text-align: justify;\">&nbsp;<\/p>\n<p style=\"text-align: justify;\">O Centro Cultural Mission&aacute;rio (CCM) e a Rede Ecum&ecirc;nica Latino-americana de Missi&oacute;logos e Missi&oacute;logas (Relami) promoveram, de 23 a 27 de fevereiro, em Bras&iacute;lia (DF), o 4&ordm; Simp&oacute;sio de Missiologia, que reuniu 55 pessoas entre docentes, te&oacute;logos, pesquisadores, representantes de institui&ccedil;&otilde;es mission&aacute;rias e agentes de pastoral do Brasil e convidados de Mo&ccedil;ambique e do M&eacute;xico.<\/p>\n<p style=\"text-align: justify;\">No terceiro e &uacute;ltimo dia do encontro, que teve como tema &ldquo;50 anos do Decreto Ad gentes&rdquo;, o assessor teol&oacute;gico do Centro Indigenista Mission&aacute;rio (Cimi), padre Paulo Suess, falou sobre os desafios e perspectivas do mundo digitalizado para a pr&aacute;tica mission&aacute;ria.<\/p>\n<p style=\"text-align: justify;\">&ldquo;A comunica&ccedil;&atilde;o <em>ad gentes<\/em> rompe com linguagens herm&eacute;ticas e se concentra no essencial. A transmiss&atilde;o da f&eacute; &eacute; desafiada pela urg&ecirc;ncia da caridade, pela velocidade de aparatos e tecnologias frias a servi&ccedil;o do grande capital, e pela lentid&atilde;o do encontro face a face com o outro&rdquo;, afirmou o te&oacute;logo.&nbsp;<\/p>\n<p style=\"text-align: justify;\">Em sua an&aacute;lise, Suess observou que a &ldquo;linguagem <em>ad gentes<\/em>, hoje, &eacute; necessariamente ecum&ecirc;nica, inter-religiosa e humanit&aacute;ria&rdquo;. O missi&oacute;logo abordou a genealogia da comunica&ccedil;&atilde;o; os desafios, promessas e ambival&ecirc;ncias do mundo digital; e a constru&ccedil;&atilde;o da cultura do encontro em comunidades e redes.<\/p>\n<p style=\"text-align: justify;\">Suess terminou parafraseando a <em>Evangelii Gaudium<\/em>: &ldquo;Essas rela&ccedil;&otilde;es interpessoais com a humanidade ferida n&atilde;o podem ser substitu&iacute;das por sofisticados aparatos da m&iacute;dia digital&ldquo; (cf. EG 88).<\/p>\n<p style=\"text-align: justify;\">Paulo Suess presidiu a missa de envio, na manh&atilde; de sexta-feira, 27, e em sua homilia lembrou que ressuscitar e fazer ressuscitar s&atilde;o dois polos do caminho do crist&atilde;o. &ldquo;Somos enviados neste rito de inicia&ccedil;&atilde;o (missa) come&ccedil;ando com o perd&atilde;o que nos liberta para a ressurrei&ccedil;&atilde;o. Temos, depois, o rito das luzes do qual sa&iacute;mos um pouco mais iluminados com este encontro (Simp&oacute;sio) de diversidade onde fizemos uma experi&ecirc;ncia de enriquecimento. Todos fomos iluminados e a luz est&aacute; em n&oacute;s. Esta luz dos cinco continentes &eacute; a luz da P&aacute;scoa. Eis a luz de Cristo! Com ele seguimos o caminho no prolongamento da encarna&ccedil;&atilde;o. Partir &eacute; sempre um novo repartir ao chegarmos em casa onde iluminamos a vida dos outros. N&oacute;s sempre voltamos diferentes&rdquo;, encerrou o padre.<\/p>\n<p style=\"text-align: justify;\">O &nbsp;Simp&oacute;sio foi encerrado no dia 27 ap&oacute;s a articula&ccedil;&atilde;o e organiza&ccedil;&atilde;o de uma rede de missi&oacute;logos.<\/p>\n<p style=\"text-align: justify;\">&nbsp;<\/p>\n<p>Fonte: CNBB<\/p>\n","protected":false},"excerpt":{"rendered":"<p>[imagem1] &nbsp; O Centro Cultural Mission&aacute;rio (CCM) e a Rede Ecum&ecirc;nica Latino-americana de Missi&oacute;logos e Missi&oacute;logas (Relami) promoveram, de 23 a 27 de fevereiro, em Bras&iacute;lia (DF), o 4&ordm; Simp&oacute;sio de Missiologia, que&#8230;<\/p>\n","protected":false},"author":1,"featured_media":2516,"comment_status":"open","ping_status":"open","sticky":false,"template":"","format":"standard","meta":[],"categories":[1],"tags":[],"_links":{"self":[{"href":"https:\/\/www.salvatorianas.org.br\/blog\/wp-json\/wp\/v2\/posts\/2322"}],"collection":[{"href":"https:\/\/www.salvatorianas.org.br\/blog\/wp-json\/wp\/v2\/posts"}],"about":[{"href":"https:\/\/www.salvatorianas.org.br\/blog\/wp-json\/wp\/v2\/types\/post"}],"author":[{"embeddable":true,"href":"https:\/\/www.salvatorianas.org.br\/blog\/wp-json\/wp\/v2\/users\/1"}],"replies":[{"embeddable":true,"href":"https:\/\/www.salvatorianas.org.br\/blog\/wp-json\/wp\/v2\/comments?post=2322"}],"version-history":[{"count":0,"href":"https:\/\/www.salvatorianas.org.br\/blog\/wp-json\/wp\/v2\/posts\/2322\/revisions"}],"wp:featuredmedia":[{"embeddable":true,"href":"https:\/\/www.salvatorianas.org.br\/blog\/wp-json\/wp\/v2\/media\/2516"}],"wp:attachment":[{"href":"https:\/\/www.salvatorianas.org.br\/blog\/wp-json\/wp\/v2\/media?parent=2322"}],"wp:term":[{"taxonomy":"category","embeddable":true,"href":"https:\/\/www.salvatorianas.org.br\/blog\/wp-json\/wp\/v2\/categories?post=2322"},{"taxonomy":"post_tag","embeddable":true,"href":"https:\/\/www.salvatorianas.org.br\/blog\/wp-json\/wp\/v2\/tags?post=2322"}],"curies":[{"name":"wp","href":"https:\/\/api.w.org\/{rel}","templated":true}]}}