{"id":2317,"date":"2015-03-07T00:00:00","date_gmt":"2015-03-07T00:00:00","guid":{"rendered":"https:\/\/www.salvatorianas.org.br\/blog\/dia-da-mulher-reune-religioes-na-esplanada-dos-ministerios-em-brasilia\/"},"modified":"2015-03-07T00:00:00","modified_gmt":"2015-03-07T00:00:00","slug":"dia-da-mulher-reune-religioes-na-esplanada-dos-ministerios-em-brasilia","status":"publish","type":"post","link":"https:\/\/www.salvatorianas.org.br\/blog\/dia-da-mulher-reune-religioes-na-esplanada-dos-ministerios-em-brasilia\/","title":{"rendered":"Dia da Mulher re\u00fane religi\u00f5es na Esplanada dos Minist\u00e9rios, em Bras\u00edlia"},"content":{"rendered":"<p>[imagem1]<\/p>\n<p>&nbsp;<\/p>\n<p style=\"text-align: justify;\">No dia 05 de mar&ccedil;o, mulheres e homens de diversas religi&otilde;es se reuniram na Alameda das Bandeiras, na Esplanada dos Minist&eacute;rios, em Bras&iacute;lia-DF, para pedir que os direitos de todas as mulheres, sem exce&ccedil;&atilde;o,&nbsp; sejam respeitados.<\/p>\n<p style=\"text-align: justify;\">O Ato, que reuniu representantes do Conselho Nacional de Igrejas (CONIC), Igreja Cat&oacute;lica Romana, F&eacute; Ba&rsquo;hai, Confer&ecirc;ncia dos Religiosos do Brasil (CRB), Abrawicca, Igreja Episcopal Anglicana, Federa&ccedil;&atilde;o Umbanda e Candombl&eacute; e Igreja Evang&eacute;lica Luterana do Brasil, aconteceu no contexto da celebra&ccedil;&atilde;o do <img decoding=\"async\" style=\"float: right;\" src=\"http:\/\/crbnacional.org.br\/site\/images\/COMUNICACAO\/romi1.jpg\" alt=\"\" width=\"170\" border=\"0\" \/>Ano de Hypatia, uma Eg&iacute;pcia, de Alexandria, professora de filosofia e astronomia e primeira matematica que foi assassinada por crist&atilde;os por defender sua f&eacute; n&atilde;o crist&atilde;.<\/p>\n<p style=\"text-align: justify;\">Na Alameda das Bandeiras, faixas, ora&ccedil;&otilde;es, cantos e b&ecirc;n&ccedil;&atilde;os num clima de unidade, tornavam realidade o Ato. Rosas foram depositas no gramado, sob o rufar de tambores entoados pelas Wiccas, a cada cita&ccedil;&atilde;o de nomes de mulheres que morreram martirizadas nas diversas religi&otilde;es.<br \/>&ldquo;O objetivo do nosso ato &eacute; reafirmar o compromisso de religi&otilde;es pelos direitos das mulheres, o&nbsp; compromisso com o Estado laico para que seja democr&aacute;tico e de direitos para todas as pessoas, independentemente de cor, cultura, de religi&atilde;o e de orienta&ccedil;&atilde;o sexual&rdquo;, disse a secret&aacute;ria-geral do CONIC e pastora da Igreja Luterana do Brasil, Romi Benke.<\/p>\n<p style=\"text-align: justify;\">De acordo com Benke, outra raz&atilde;o da manifesta&ccedil;&atilde;o era fazer&nbsp; mem&oacute;ria de mulheres que tiveram suas vidas interrompidas por causa do seu engajamento social, do seu comprometimento religioso, por causa da <img decoding=\"async\" style=\"float: left;\" src=\"http:\/\/crbnacional.org.br\/site\/images\/COMUNICACAO\/gmes.jpg\" alt=\"\" width=\"120\" border=\"0\" \/>cultura patriarcal e sexista que legitima a viol&ecirc;ncia contra a mulher.<\/p>\n<p style=\"text-align: justify;\">&ldquo;Somos um batalh&atilde;o de mulheres consagradas na Igreja que se envolve, que se empenha no trabalho pastoral, mission&aacute;rio e evangelizador. Como CRB e CNBB, agradecemos por este Ato t&atilde;o importante&rdquo;, relatou a assessora da Comiss&atilde;o Mission&aacute;ria Nacional da CNBB e representante da CRB no evento, Irm&atilde; Dirce Gomes da Silva.<\/p>\n<p style=\"text-align: justify;\">&ldquo;As religi&otilde;es precisam trabalhar de maneira a ajudar as pessoas a compreenderem o aspecto espiritual da igualdade entre homens e mulheres. Esse processo de conscientiza&ccedil;&atilde;o n&atilde;o passa somente por um processo pol&iacute;tico, de <img decoding=\"async\" style=\"float: right;\" src=\"http:\/\/crbnacional.org.br\/site\/images\/COMUNICACAO\/abrawi.jpg\" alt=\"\" width=\"170\" border=\"0\" \/>milit&acirc;ncia, mas tamb&eacute;m, por um reconhecimento espiritual da igualdade de g&ecirc;nero&rdquo;, enfatizou Mary Caetano Aune, da F&eacute; Ba&rsquo;Hai.<\/p>\n<p style=\"text-align: justify;\">Para a sacerdotisa wiccaniana brasileira da Associa&ccedil;&atilde;o Brasileira de Arte e Filosofia da Religi&atilde;o Wicca, Mavesper Cy Ceridwen, mulheres ainda desinformadas acham que viol&ecirc;ncia contra a mulher &eacute; coisa do passado. &ldquo;A viol&ecirc;ncia existe, cresce a cada dia e &eacute; preciso que homens e mulheres estejam atentos com esta l&oacute;gica perversa do patriarcado para que n&atilde;o perpetue por gera&ccedil;&otilde;es&rdquo;, afirmou.<\/p>\n<p style=\"text-align: justify;\">Presente no Ato, o bispo portugu&ecirc;s, da Igreja Anglicana, dom Jorge Pina Cabral contou que em Portugal tamb&eacute;m as mulheres s&atilde;o v&iacute;timas da explora&ccedil;&atilde;o, de muita viol&ecirc;ncia e que morre uma portuguesa por dia, v&iacute;tima da viol&ecirc;ncia dom&eacute;stica, mas essa n&atilde;o &eacute; um tema versado e debatido pelas Igrejas. &ldquo;Em Portugal<img decoding=\"async\" style=\"float: left;\" src=\"http:\/\/crbnacional.org.br\/site\/images\/COMUNICACAO\/dom%20Cabral.jpg\" alt=\"\" width=\"170\" border=\"0\" \/> esse tem sido mais um tema e um assunto da sociedade civil e n&atilde;o propriamente das Igrejas, porque estas ainda n&atilde;o t&ecirc;m uma agenda social e cr&iacute;tica muito amadurecida e, portanto, v&ecirc;m com reserva o seu envolvimento nestes movimentos&rdquo;, afirmou.<\/p>\n<p style=\"text-align: justify;\">O bispo concluiu dizendo que em Portugal se tem ainda, um longo caminho a percorrer, neste sentido do ecumenismo e do di&aacute;logo inter-religioso e que o Brasil &eacute;, sem d&uacute;vida, uma inspira&ccedil;&atilde;o forte para eles.<\/p>\n<p style=\"text-align: justify;\">As comemora&ccedil;&otilde;es pelo dia da mulher continuam no domingo, na Igreja Episcopal Anglicana, 309\/310 Sul, &agrave;s 19h, onde mulheres de religi&otilde;es diversas se reunir&atilde;o num encontro denominado por elas &ldquo;Sarau Papo de mulher&rdquo;. O convite se estende a todas as mulheres e homens de boa vontade abertos ao di&aacute;logo e &agrave; causa da defesa da dignidade humana.<\/p>\n<p style=\"text-align: justify;\">&nbsp;<\/p>\n<p style=\"text-align: justify;\">&nbsp;<\/p>\n<p style=\"text-align: justify;\">&nbsp;<\/p>\n<p style=\"text-align: justify;\">Assista a reportagem da Rede Vida<\/p>\n<p style=\"text-align: justify;\"><a href=\"http:\/\/redevida.com.br\/programa\/jctv\/conic-realiza-ato-em-defesa-dos-direitos-das-mulheres.html\" target=\"_blank\">CONIC realiza Ato em defesa dos Direitos das Mulheres&nbsp;<\/a><\/p>\n<p style=\"text-align: justify;\">&nbsp;<\/p>\n<p style=\"text-align: justify;\">Fonte: CRB<\/p>\n","protected":false},"excerpt":{"rendered":"<p>[imagem1] &nbsp; No dia 05 de mar&ccedil;o, mulheres e homens de diversas religi&otilde;es se reuniram na Alameda das Bandeiras, na Esplanada dos Minist&eacute;rios, em Bras&iacute;lia-DF, para pedir que os direitos de todas as&#8230;<\/p>\n","protected":false},"author":1,"featured_media":2470,"comment_status":"open","ping_status":"open","sticky":false,"template":"","format":"standard","meta":[],"categories":[1],"tags":[],"_links":{"self":[{"href":"https:\/\/www.salvatorianas.org.br\/blog\/wp-json\/wp\/v2\/posts\/2317"}],"collection":[{"href":"https:\/\/www.salvatorianas.org.br\/blog\/wp-json\/wp\/v2\/posts"}],"about":[{"href":"https:\/\/www.salvatorianas.org.br\/blog\/wp-json\/wp\/v2\/types\/post"}],"author":[{"embeddable":true,"href":"https:\/\/www.salvatorianas.org.br\/blog\/wp-json\/wp\/v2\/users\/1"}],"replies":[{"embeddable":true,"href":"https:\/\/www.salvatorianas.org.br\/blog\/wp-json\/wp\/v2\/comments?post=2317"}],"version-history":[{"count":0,"href":"https:\/\/www.salvatorianas.org.br\/blog\/wp-json\/wp\/v2\/posts\/2317\/revisions"}],"wp:featuredmedia":[{"embeddable":true,"href":"https:\/\/www.salvatorianas.org.br\/blog\/wp-json\/wp\/v2\/media\/2470"}],"wp:attachment":[{"href":"https:\/\/www.salvatorianas.org.br\/blog\/wp-json\/wp\/v2\/media?parent=2317"}],"wp:term":[{"taxonomy":"category","embeddable":true,"href":"https:\/\/www.salvatorianas.org.br\/blog\/wp-json\/wp\/v2\/categories?post=2317"},{"taxonomy":"post_tag","embeddable":true,"href":"https:\/\/www.salvatorianas.org.br\/blog\/wp-json\/wp\/v2\/tags?post=2317"}],"curies":[{"name":"wp","href":"https:\/\/api.w.org\/{rel}","templated":true}]}}