{"id":2315,"date":"2015-03-10T00:00:00","date_gmt":"2015-03-10T00:00:00","guid":{"rendered":"https:\/\/www.salvatorianas.org.br\/blog\/papa-francisco-recebe-documento-de-criacao-da-rede-pan-amazonica\/"},"modified":"2015-03-10T00:00:00","modified_gmt":"2015-03-10T00:00:00","slug":"papa-francisco-recebe-documento-de-criacao-da-rede-pan-amazonica","status":"publish","type":"post","link":"https:\/\/www.salvatorianas.org.br\/blog\/papa-francisco-recebe-documento-de-criacao-da-rede-pan-amazonica\/","title":{"rendered":"Papa Francisco recebe documento de cria\u00e7\u00e3o da Rede Pan-Amaz\u00f4nica"},"content":{"rendered":"<p style=\"text-align: justify;\">[imagem1]<\/p>\n<p style=\"text-align: justify;\">&nbsp;<\/p>\n<p style=\"text-align: justify;\">&ldquo;A Igreja na Amaz&ocirc;nia quer se juntar a uma rede para somar esfor&ccedil;os, para encorajar uns aos outros e ter uma voz prof&eacute;tica nos n&iacute;veis internacionais mais importantes, quando a Amaz&ocirc;nia e seu povo est&atilde;o em quest&atilde;o&rdquo;, expressou o presidente da Comiss&atilde;o para a Amaz&ocirc;nia da Confer&ecirc;ncia Nacional dos Bispos do Brasil (CNBB), cardeal Cl&aacute;udio Hummes, em pronunciamento no Vaticano.<\/p>\n<p style=\"text-align: justify;\">No dia 2 de mar&ccedil;o, o Comit&ecirc; executivo da Rede Eclesial Pan-Amaz&ocirc;nica (Repam) participou de coletiva na sala de imprensa da Santa S&eacute;, mediada pelo Pontif&iacute;cio Conselho Justi&ccedil;a a Paz. Na ocasi&atilde;o foi apresentada pelo cardeal Hummes a proposta de cria&ccedil;&atilde;o da Rede e sua miss&atilde;o, com presen&ccedil;a de diversas institui&ccedil;&otilde;es internacionais que apoiam a iniciativa. &nbsp;<\/p>\n<p><strong>Planejamento<\/strong><br \/>O Comit&ecirc; se reuniu de 1&ordm; a 4 de mar&ccedil;o, em Roma, na Casa Geral dos mission&aacute;rios da Consolata, para tratar dos andamentos dos trabalhos da Repam. O grupo tamb&eacute;m definiu a agenda de atividades para 2015. Dom Cl&aacute;udio Hummes foi designado porta voz e representante da Rede na Am&eacute;rica Latina. Ele entrou ao papa Francisco o documento de instala&ccedil;&atilde;o da Repam, criada em setembro de 2014, durante evento no Brasil.<\/p>\n<p>Na foto, os membros que integram o Comit&ecirc; executivo (da esq. para direita): Maur&iacute;cio Lopez, padre Peter Hugles, Tebaldo Vinciguerra, dom Cl&aacute;udio Hummes, dom Pedro Barreto, dom Jos&eacute; Lu&iacute;s Azuaje, padre Michael, Czerny, Enrique Pinilla, padre Sidinei Dornelas, irm&atilde; Irene Lopes e padre Alfredo Ferro. Confira a &iacute;ntegra do discurso de dom Cl&aacute;udio Hummes, no Vaticano:<\/p>\n<p>Senhoras e senhores,<\/p>\n<p>Sa&uacute;do-vos a todos e muito obrigado pela sua presen&ccedil;a e aten&ccedil;&atilde;o. A reuni&atilde;o de REPAM (Rede eclesial Pan-Amaz&ocirc;nia) com o Conselho Pontif&iacute;cio Justi&ccedil;a e Paz, que ir&aacute; realizar nestes dois, 2 e 3 de mar&ccedil;o, aqui em Roma, eu espero uma grande contribui&ccedil;&atilde;o para que os objetivos da REPAM. Nos nove pa&iacute;ses latino-americanos que constam como territ&oacute;rio amaz&ocirc;nico, a Rede quer unir os esfor&ccedil;os da Igreja em favor da habita&ccedil;&atilde;o respons&aacute;vel e sustent&aacute;vel em toda a regi&atilde;o e para o bem integral, direitos humanos, a evangeliza&ccedil;&atilde;o, o desenvolvimento cultural, social e declara&ccedil;&atilde;o de seu povo, especialmente os povos ind&iacute;genas, os nativos.<\/p>\n<p>O Santo Padre Francisco foi fortemente encorajado nessa dire&ccedil;&atilde;o, quando na Jornada Mundial da Juventude em 2013 no Rio de Janeiro, falando com os Bispos do Brasil, disse que &#8220;a Amaz&ocirc;nia &eacute; um teste decisivo, um teste para a Igreja &ldquo;e acrescentou&#8221; um lembrete forte de respeitar e cuidar de toda a cria&ccedil;&atilde;o que Deus confiou ao homem. &#8220;. E ele disse: &#8220;Eu gostaria de acrescentar que ele deve continuar a ser promovida e relan&ccedil;ou o trabalho da Igreja na Amaz&ocirc;nia.&#8221; A cria&ccedil;&atilde;o de REPAM acrescenta a este incentivo adicional e revitaliza&ccedil;&atilde;o do trabalho da Igreja na Amaz&ocirc;nia, desejado pelo Santo Padre. L&aacute;, a Igreja quer ser t&atilde;o corajosa e decisiva uma Igreja mission&aacute;ria, misericordioso, prof&eacute;tico, perto de todas as pessoas, especialmente os mais pobres, exclu&iacute;dos, rejeitado, esquecido e feridos. Uma Igreja com &#8220;rosto amaz&ocirc;nico&#8221; e &#8220;clero nativo&#8221;, como proposto pelo Papa Francisco citou em seu discurso aos bispos brasileiros.<\/p>\n<p>A Amaz&ocirc;nia &eacute; constitu&iacute;da por &#8220;um bioma em que vemos a vida em sua mega diversidade como um dom de Deus para todos. Infelizmente, &eacute; tamb&eacute;m uma &aacute;rea cada vez mais devastada e amea&ccedil;ada &#8220;(Declara&ccedil;&atilde;o da cria&ccedil;&atilde;o de REPAM). Desmatamento e crescendo no lugar por um longo tempo, os grandes projetos agroneg&oacute;cio, hidrel&eacute;tricas, extra&ccedil;&atilde;o de petr&oacute;leo e outras riquezas minerais, as monoculturas e mudan&ccedil;as clim&aacute;ticas representam risco grave nos termos do ambiente natural e da dignidade e autodetermina&ccedil;&atilde;o da popula&ccedil;&atilde;o, especialmente os ind&iacute;genas, as pessoas pobres e simples, na margem dos rios, os camponeses, dos afrodescendentes, e at&eacute; mesmo os pobres urbanos local.<\/p>\n<p>Por isso, a Igreja na Amaz&ocirc;nia quer se juntar a uma rede para somar esfor&ccedil;os, para encorajar uns aos outros e ter uma voz prof&eacute;tica nos n&iacute;veis internacionais mais importantes, quando a Amaz&ocirc;nia e seu povo est&atilde;o em quest&atilde;o.<\/p>\n<p>Para concluir, gostaria de lhes pedir, operadores de comunica&ccedil;&otilde;es em todo o mundo e local, para n&atilde;o esquecer a Amaz&ocirc;nia. &Eacute; crucial para o futuro da humanidade.<\/p>\n<p>Obrigado!<\/p>\n<p><em>Cardeal Cl&aacute;udio Hummes, presidente da Comiss&atilde;o Episcopal para a Amaz&ocirc;nia, CNBB.<\/p>\n<p><\/em>Fonte: POM<\/p>\n","protected":false},"excerpt":{"rendered":"<p>[imagem1] &nbsp; &ldquo;A Igreja na Amaz&ocirc;nia quer se juntar a uma rede para somar esfor&ccedil;os, para encorajar uns aos outros e ter uma voz prof&eacute;tica nos n&iacute;veis internacionais mais importantes, quando a Amaz&ocirc;nia&#8230;<\/p>\n","protected":false},"author":1,"featured_media":2468,"comment_status":"open","ping_status":"open","sticky":false,"template":"","format":"standard","meta":[],"categories":[1],"tags":[],"_links":{"self":[{"href":"https:\/\/www.salvatorianas.org.br\/blog\/wp-json\/wp\/v2\/posts\/2315"}],"collection":[{"href":"https:\/\/www.salvatorianas.org.br\/blog\/wp-json\/wp\/v2\/posts"}],"about":[{"href":"https:\/\/www.salvatorianas.org.br\/blog\/wp-json\/wp\/v2\/types\/post"}],"author":[{"embeddable":true,"href":"https:\/\/www.salvatorianas.org.br\/blog\/wp-json\/wp\/v2\/users\/1"}],"replies":[{"embeddable":true,"href":"https:\/\/www.salvatorianas.org.br\/blog\/wp-json\/wp\/v2\/comments?post=2315"}],"version-history":[{"count":0,"href":"https:\/\/www.salvatorianas.org.br\/blog\/wp-json\/wp\/v2\/posts\/2315\/revisions"}],"wp:featuredmedia":[{"embeddable":true,"href":"https:\/\/www.salvatorianas.org.br\/blog\/wp-json\/wp\/v2\/media\/2468"}],"wp:attachment":[{"href":"https:\/\/www.salvatorianas.org.br\/blog\/wp-json\/wp\/v2\/media?parent=2315"}],"wp:term":[{"taxonomy":"category","embeddable":true,"href":"https:\/\/www.salvatorianas.org.br\/blog\/wp-json\/wp\/v2\/categories?post=2315"},{"taxonomy":"post_tag","embeddable":true,"href":"https:\/\/www.salvatorianas.org.br\/blog\/wp-json\/wp\/v2\/tags?post=2315"}],"curies":[{"name":"wp","href":"https:\/\/api.w.org\/{rel}","templated":true}]}}