{"id":231,"date":"2017-10-15T00:00:00","date_gmt":"2017-10-15T00:00:00","guid":{"rendered":"https:\/\/www.salvatorianas.org.br\/blog\/convivencia-vocacional-salvatoriana\/"},"modified":"2018-05-21T10:48:42","modified_gmt":"2018-05-21T10:48:42","slug":"convivencia-vocacional-salvatoriana","status":"publish","type":"post","link":"https:\/\/www.salvatorianas.org.br\/blog\/convivencia-vocacional-salvatoriana\/","title":{"rendered":"Conviv\u00eancia Vocacional Salvatoriana"},"content":{"rendered":"<p class=\"MsoNormal\" style=\"text-align: justify;\">Nos dias 06 \u00e0 08 de outubro,quatro jovens participaram de um conv\u00edvio vocacional na Comunidade das Irm\u00e3s Salvatorianas de Feira de Santana\/BA. As jovens Kalene e Rute de Morpar\u00e1,Keliane de Baixa Grande e Al\u00e9ssia de Feira de Santana, conheceram de perto o dia a dia das Irm\u00e3s e Formandas, buscando discernir a pr\u00f3pria voca\u00e7\u00e3o.<\/p>\n<p class=\"MsoNormal\" style=\"text-align: justify;\">Nestes tr\u00eas dias de encontro no Postulantado,na Comunidade Ax\u00e9, as jovens puderam participar mais diretamente da vida dasPostulantes Luana e T\u00e2mara, como tamb\u00e9m conhecer e partilhar suas experi\u00eanciasvocacionais. Neste tempo, as vocacionadas vivenciaram experi\u00eancia de miss\u00e3o, emque visitaram algumas comunidades, onde tamb\u00e9m participaram das Celebra\u00e7\u00f5es daPalavra e ajudaram na Liturgia. As jovens visitaram tamb\u00e9m o centro da cidade epassearam no Parque da Lagoa, como momento de conviv\u00eancia e lazer.<\/p>\n<p class=\"MsoNormal\" style=\"text-align: justify;\">Momentos intensos de ora\u00e7\u00e3o marcaramo encontro, que teve ponto alto na Ora\u00e7\u00e3o Mariana, em que todas as Formandas eVocacionadas rezaram o chamado, a voca\u00e7\u00e3o que Deus a convida e os <b>300 anos da M\u00e3e Aparecida<\/b>. Durante oencontro, as jovens estudaram e refletiram sobre o tema <b>\u201cJordan e a Juventude\u201d,<\/b> na oportunidade todas partilharam o quesabiam sobre a vida de Padre Jordan e as realidades inquietantes da sociedadeem que vivemos.<\/p>\n<p class=\"MsoNoSpacing\" style=\"text-align: justify;\"><b><span style=\"font-size: 12.0pt;\">Depoimentodas Vocacionadas e Formandas:<\/span><\/b><\/p>\n<p class=\"MsoNormal\" style=\"text-align: justify;\">Me senti acolhida pelas Irm\u00e3s,Formandas e Vocacionadas, gostei da viv\u00eancia, das ora\u00e7\u00f5es e estudos (<b>Al\u00e9ssia<\/b>, de Feira de Santana\/BA).<\/p>\n<p class=\"MsoNormal\" style=\"text-align: justify;\">Agrade\u00e7o ao Divino Salvador pelagra\u00e7a de ter vivenciado estes dias juntamente com as Vocacionadas de Morpar\u00e1Kalene e Rute, de Feira de Santana Al\u00e9ssia, tamb\u00e9m com as Formandas Luana eT\u00e2mara, as Irm\u00e3s Hort\u00eancia, Eleudiane e Maria da Comunidade Ax\u00e9 e Ir. Van\u00facia daComunidade M\u00e3e dos Oprimidos. Durante esta viv\u00eancia pude conhecer a rotina deuma casa de forma\u00e7\u00e3o, com momentos de ora\u00e7\u00e3o, partilha, estudo, participa\u00e7\u00e3onas Celebra\u00e7\u00f5es que me ajudaram a refletir e aprofundar minha caminhadavocacional. Com alegria agrade\u00e7o a Ir. Eleudiane por me acompanhar e animardurante o processo de discernimento que iniciei a poucos meses. Que Pe. Jordane Madre Maria intercedam ao Divino Salvador por n\u00f3s vocacionadas e por todaFam\u00edlia Salvatoriana (<b>Keliane<\/b>, BaixaGrande\/BA).<\/p>\n<p class=\"MsoNormal\" style=\"text-align: justify;\">Agrade\u00e7o a Deus por ter conhecidomais como \u00e9 conviver especificamente em uma casa de forma\u00e7\u00e3o com as Irm\u00e3s eFormandas da Comunidade Ax\u00e9. Onde esses tr\u00eas dias foram de suma import\u00e2nciapara me ajudar mais no meu discernimento vocacional. Deixo o meu muito obrigadoas Irm\u00e3s Hort\u00eancia, Maria Senhora e Eleudiane e as Formandas T\u00e2mara e Luanapelo acolhimento, carinho com que nos receberam. Agrade\u00e7o as outrasvocacionadas por esse momento de partilha e conviv\u00eancia. Enfim, agrade\u00e7o aminha Animadora Vocacional Irm\u00e3 Van\u00facia que h\u00e1 tr\u00eas anos est\u00e1 me acompanhandopara aprofundar a cada dia esse chamado, onde a sua presen\u00e7a e ajuda \u00e9 de suma import\u00e2nciana minha caminhada. Pe. Jordan e Maria dos Ap\u00f3stolos, intercedei a Deus por n\u00f3s(<b>Kalene<\/b>, Morpar\u00e1\/BA)<\/p>\n<p class=\"MsoNormal\" style=\"text-align: justify;\">Vocacionada Salvatorianaacompanhada h\u00e1 3 anos, nessa segunda viv\u00eancia vocacional que tive durante esses3 dias para saber e conhecer como \u00e9 viver em uma casa de forma\u00e7\u00e3o e aprofundarmais no que quero pra minha vida religiosa. Agrade\u00e7o imensamente a Irm\u00e3 MariaSenhora, Irm\u00e3 Hort\u00eancia e a Irm\u00e3 Eleudiane e as Postulantes Luana e T\u00e2mara pelocarinho, acolhimento e paci\u00eancia de ter me recebido e compartilhado um pouco desuas experi\u00eancias. E n\u00e3o podendo esquecer de minha Animadora Vocacional a Irm\u00e3Van\u00facia que tem o amor e o carinho de me acompanhar durante toda essa minhadescoberta vocacional. Sendo assim, com toda minha pequenez, pe\u00e7o a intercess\u00e3ode Padre Jordan e Madre Maria que me guie e aben\u00e7oe toda a Fam\u00edlia Salvatoriana(<b>Rute<\/b>, Morpar\u00e1\/BA).<\/p>\n<p class=\"MsoNormal\" style=\"text-align: justify;\">Rendo gra\u00e7as a Deus pelaconviv\u00eancia que tive com as vocacionadas Salvatorianas. Foram pequenos momentosde muita alegria, partilha, lazer e estudos. Convivendo com elas, pude olharpara minha voca\u00e7\u00e3o e perceber o quanto Deus \u00e9 bom e que continua chamandojovens para se colocar a servi\u00e7o do seu Reino de Amor. Que o Divino Salvador asconduza para o melhor caminho e, que Padre Jordan e Madre Maria nos ajude emnossa voca\u00e7\u00e3o nos dando muita perseveran\u00e7a e doa\u00e7\u00e3o, no chamado em que Ele nosfaz todos os dias (<b>Postulante Luana<\/b>, Feira de Santana\/BA).<\/p>\n<p class=\"MsoNormal\" style=\"text-align: justify;\">Agrade\u00e7o a Deus por esses diasmaravilhosos de viv\u00eancia vocacional com as Vocacionadas Salvatorianas. Forammomentos de muita alegria, de partilhas de vida, de ora\u00e7\u00e3o, estudo e lazer. Comessa viv\u00eancia, sentir que se confirma em mim a minha voca\u00e7\u00e3o e a alegria defazer parte da Fam\u00edlia Salvatoriana.\u00a0 QueDeus aben\u00e7oe as Vocacionadas Salvatorianas, iluminando os caminhos de cada umae que o Padre Jordan e a Madre Maria intercedam por n\u00f3s em nossa caminhada (<b>PostulanteT\u00e2mara<\/b>, Feira de Santana\/BA).<\/p>\n<p class=\"MsoNormal\" style=\"text-align: justify;\"><span style=\"text-align: start;\">\u00a0<\/span><\/p>\n","protected":false},"excerpt":{"rendered":"<p>Nos dias 06 \u00e0 08 de outubro,quatro jovens participaram de um conv\u00edvio vocacional na Comunidade das Irm\u00e3s Salvatorianas de Feira de Santana\/BA. As jovens Kalene e Rute de Morpar\u00e1,Keliane de Baixa Grande e&#8230;<\/p>\n","protected":false},"author":1,"featured_media":337,"comment_status":"open","ping_status":"open","sticky":false,"template":"","format":"standard","meta":[],"categories":[28],"tags":[32],"_links":{"self":[{"href":"https:\/\/www.salvatorianas.org.br\/blog\/wp-json\/wp\/v2\/posts\/231"}],"collection":[{"href":"https:\/\/www.salvatorianas.org.br\/blog\/wp-json\/wp\/v2\/posts"}],"about":[{"href":"https:\/\/www.salvatorianas.org.br\/blog\/wp-json\/wp\/v2\/types\/post"}],"author":[{"embeddable":true,"href":"https:\/\/www.salvatorianas.org.br\/blog\/wp-json\/wp\/v2\/users\/1"}],"replies":[{"embeddable":true,"href":"https:\/\/www.salvatorianas.org.br\/blog\/wp-json\/wp\/v2\/comments?post=231"}],"version-history":[{"count":1,"href":"https:\/\/www.salvatorianas.org.br\/blog\/wp-json\/wp\/v2\/posts\/231\/revisions"}],"predecessor-version":[{"id":5672,"href":"https:\/\/www.salvatorianas.org.br\/blog\/wp-json\/wp\/v2\/posts\/231\/revisions\/5672"}],"wp:featuredmedia":[{"embeddable":true,"href":"https:\/\/www.salvatorianas.org.br\/blog\/wp-json\/wp\/v2\/media\/337"}],"wp:attachment":[{"href":"https:\/\/www.salvatorianas.org.br\/blog\/wp-json\/wp\/v2\/media?parent=231"}],"wp:term":[{"taxonomy":"category","embeddable":true,"href":"https:\/\/www.salvatorianas.org.br\/blog\/wp-json\/wp\/v2\/categories?post=231"},{"taxonomy":"post_tag","embeddable":true,"href":"https:\/\/www.salvatorianas.org.br\/blog\/wp-json\/wp\/v2\/tags?post=231"}],"curies":[{"name":"wp","href":"https:\/\/api.w.org\/{rel}","templated":true}]}}