{"id":2309,"date":"2015-03-18T00:00:00","date_gmt":"2015-03-18T00:00:00","guid":{"rendered":"https:\/\/www.salvatorianas.org.br\/blog\/dia-nacional-de-oracao-pelo-bom-exito-do-congresso-da-vida-consagrada\/"},"modified":"2015-03-18T00:00:00","modified_gmt":"2015-03-18T00:00:00","slug":"dia-nacional-de-oracao-pelo-bom-exito-do-congresso-da-vida-consagrada","status":"publish","type":"post","link":"https:\/\/www.salvatorianas.org.br\/blog\/dia-nacional-de-oracao-pelo-bom-exito-do-congresso-da-vida-consagrada\/","title":{"rendered":"Dia Nacional de Ora\u00e7\u00e3o pelo bom \u00eaxito do Congresso da Vida Consagrada"},"content":{"rendered":"<p style=\"text-align: justify;\">[imagem1]<\/p>\n<p style=\"text-align: justify;\">&nbsp;<\/p>\n<p style=\"text-align: justify;\">A CRB Nacional- Confer&ecirc;ncia dos Religiosos do Brasil realiza no pr&oacute;ximo dia 25, Festa da&nbsp;Anuncia&ccedil;&atilde;o do Senhor, o Dia Nacional de Ora&ccedil;&atilde;o pelo bom &ecirc;xito do Congresso da Vida Consagrada.<\/p>\n<p style=\"text-align: justify;\">Com o tema &#8221; Assumir o n&uacute;cleo identit&aacute;rio da Vida Consagrada: Atitude Prof&eacute;tica, processo mistag&oacute;gico e lema &#8221; N&atilde;o ardia o nosso cora&ccedil;&atilde;o quando Ele nos falava no caminho?&#8221;(Lc 24,32), o Congresso Nacional da Vida Consagrada, &#8211; &nbsp;em conson&acirc;ncia com o apelo do Papa Francisco de que a Vida Religiosa no mundo inteiro viva com intensidade &nbsp;este ano dedicado a ela, &#8211; reunir&aacute; em Aparecida, de 7 &#8211; 11 de abril pr&oacute;ximo 2.050 religiosos e religiosas.<\/p>\n<p style=\"text-align: justify;\">&Eacute; neste contexto que a CRB Nacional convida a todos os religiosos e religiosas, leigos e leigas, enfim toda a Igreja a se unir em ora&ccedil;&atilde;o para que este evento se cumpra conforme a vontade do Senhor.&nbsp;<\/p>\n<p style=\"text-align: justify;\">Em anexo, voc&ecirc; encontrar&aacute; um roteiro elaborado pela equipe da CRB, mas poder&aacute; usar a criatividade, fazendo outros momentos, rezando outras ora&ccedil;&otilde;es, conforme criatividade de cada comunidade. Importante &eacute; que neste dia da Anuncia&ccedil;&atilde;o do Senhor todos estejam unidos em prece, mente e cora&ccedil;&atilde;o para que o Senhor realize maravilhas, conforme o Seu querer.&nbsp;<\/p>\n","protected":false},"excerpt":{"rendered":"<p>[imagem1] &nbsp; A CRB Nacional- Confer&ecirc;ncia dos Religiosos do Brasil realiza no pr&oacute;ximo dia 25, Festa da&nbsp;Anuncia&ccedil;&atilde;o do Senhor, o Dia Nacional de Ora&ccedil;&atilde;o pelo bom &ecirc;xito do Congresso da Vida Consagrada. Com&#8230;<\/p>\n","protected":false},"author":1,"featured_media":2462,"comment_status":"open","ping_status":"open","sticky":false,"template":"","format":"standard","meta":[],"categories":[1],"tags":[],"_links":{"self":[{"href":"https:\/\/www.salvatorianas.org.br\/blog\/wp-json\/wp\/v2\/posts\/2309"}],"collection":[{"href":"https:\/\/www.salvatorianas.org.br\/blog\/wp-json\/wp\/v2\/posts"}],"about":[{"href":"https:\/\/www.salvatorianas.org.br\/blog\/wp-json\/wp\/v2\/types\/post"}],"author":[{"embeddable":true,"href":"https:\/\/www.salvatorianas.org.br\/blog\/wp-json\/wp\/v2\/users\/1"}],"replies":[{"embeddable":true,"href":"https:\/\/www.salvatorianas.org.br\/blog\/wp-json\/wp\/v2\/comments?post=2309"}],"version-history":[{"count":0,"href":"https:\/\/www.salvatorianas.org.br\/blog\/wp-json\/wp\/v2\/posts\/2309\/revisions"}],"wp:featuredmedia":[{"embeddable":true,"href":"https:\/\/www.salvatorianas.org.br\/blog\/wp-json\/wp\/v2\/media\/2462"}],"wp:attachment":[{"href":"https:\/\/www.salvatorianas.org.br\/blog\/wp-json\/wp\/v2\/media?parent=2309"}],"wp:term":[{"taxonomy":"category","embeddable":true,"href":"https:\/\/www.salvatorianas.org.br\/blog\/wp-json\/wp\/v2\/categories?post=2309"},{"taxonomy":"post_tag","embeddable":true,"href":"https:\/\/www.salvatorianas.org.br\/blog\/wp-json\/wp\/v2\/tags?post=2309"}],"curies":[{"name":"wp","href":"https:\/\/api.w.org\/{rel}","templated":true}]}}