{"id":2305,"date":"2015-03-22T00:00:00","date_gmt":"2015-03-22T00:00:00","guid":{"rendered":"https:\/\/www.salvatorianas.org.br\/blog\/comeca-semana-nacional-de-mobilizacao-pela-reforma-politica-democratica\/"},"modified":"2015-03-22T00:00:00","modified_gmt":"2015-03-22T00:00:00","slug":"comeca-semana-nacional-de-mobilizacao-pela-reforma-politica-democratica","status":"publish","type":"post","link":"https:\/\/www.salvatorianas.org.br\/blog\/comeca-semana-nacional-de-mobilizacao-pela-reforma-politica-democratica\/","title":{"rendered":"Come\u00e7a Semana Nacional de Mobiliza\u00e7\u00e3o pela Reforma Pol\u00edtica Democr\u00e1tica"},"content":{"rendered":"<p style=\"text-align: left;\">[imagem1]<\/p>\n<p style=\"text-align: left;\">&nbsp;<\/p>\n<p style=\"text-align: left;\">Entidades da sociedade civil e movimentos sociais fazem, em todo o Brasil, de 20 a 29 de mar&ccedil;o, a Semana Nacional de Mobiliza&ccedil;&atilde;o pela Reforma Pol&iacute;tica Democr&aacute;tica. Em Fortaleza, Estado do Cear&aacute;, as atividades come&ccedil;am na pr&oacute;xima segunda-feira, 23, a partir das 15h, na Pra&ccedil;a do Ferreira [Centro da cidade] e prosseguem at&eacute; o s&aacute;bado, 28. <br \/>Na Pra&ccedil;a do Ferreira haver&aacute;, durante toda a semana, um posto fixo de coleta de assinaturas para o Projeto de Lei de Iniciativa popular que busca afastar das elei&ccedil;&otilde;es o financiamento de empresas, al&eacute;m de <img decoding=\"async\" loading=\"lazy\" style=\"float: right;\" src=\"http:\/\/www.pom.org.br\/images\/stories\/0%200%200%200%20a%20plebiscito.jpg\" alt=\"\" width=\"268\" height=\"260\" border=\"0\" \/>melhorar o sistema eleitoral, promover a inclus&atilde;o de mulheres, dos grupos sub-representados e, tamb&eacute;m, aperfei&ccedil;oar a democracia direta. O objetivo &eacute; arrecadar 1,5 milh&atilde;o de assinaturas, que representam 1% do eleitorado brasileiro.<\/p>\n<p>Em 2014, quase 8 milh&otilde;es de pessoas disseram sim &agrave; Constituinte Soberana e Exclusiva do Sistema Pol&iacute;tico, no plebiscito popular realizado pelos movimentos sociais, na Semana da Independ&ecirc;ncia do Brasil, em setembro. Em outubro do ano passado, como desdobramento da campanha popular, um Projeto de Decreto Legislativo (PDL), propondo um plebiscito oficial, foi assinado por 181 parlamentares e entregue ao Congresso Nacional.<\/p>\n<p>A Coaliz&atilde;o pela Reforma Pol&iacute;tica Democr&aacute;tica e Elei&ccedil;&otilde;es Limpas &eacute; formada por mais de 100 entidades representativas da sociedade civil, entre elas a Confedera&ccedil;&atilde;o Nacional dos Bispos do Brasil (CNBB), Ordem dos Advogados do Brasil (OAB), Movimento de Combate &agrave; Corrup&ccedil;&atilde;o Eleitoral (MCCE &ndash; autores do Ficha Limpa), Plataforma dos Movimentos Sociais pela Reforma do Sistema Pol&iacute;tico, Uni&atilde;o Nacional dos Estudantes (UNE), Federa&ccedil;&atilde;o Nacional dos Jornalistas (Fenaj) e a Ag&ecirc;ncia de Informa&ccedil;&atilde;o Frei Tito para a Am&eacute;rica Latina e Caribe (Adital).<\/p>\n<p style=\"text-align: left;\"><strong>Informa&ccedil;&otilde;es<\/strong>: <a href=\"http:\/\/www.reformapoliticademocratica.org.br\/\" target=\"_blank\">www.reformapoliticademocratica.org.br<\/a> \/ <a href=\"http:\/\/www.plebiscitoconstituinte.org.br\/\" target=\"_blank\">www.plebiscitoconstituinte.org.br<\/a>\/<a href=\"https:\/\/www.facebook.com\/democraciaparticipativace?fref=ts\" target=\"_blank\">www.facebook.com\/democraciaparticipativace?fref=ts<\/a>.<\/p>\n<p style=\"text-align: left;\">&nbsp;<\/p>\n<p style=\"text-align: left;\">Fonte: ADITAL<\/p>\n","protected":false},"excerpt":{"rendered":"<p>[imagem1] &nbsp; Entidades da sociedade civil e movimentos sociais fazem, em todo o Brasil, de 20 a 29 de mar&ccedil;o, a Semana Nacional de Mobiliza&ccedil;&atilde;o pela Reforma Pol&iacute;tica Democr&aacute;tica. Em Fortaleza, Estado do&#8230;<\/p>\n","protected":false},"author":1,"featured_media":2458,"comment_status":"open","ping_status":"open","sticky":false,"template":"","format":"standard","meta":[],"categories":[1],"tags":[],"_links":{"self":[{"href":"https:\/\/www.salvatorianas.org.br\/blog\/wp-json\/wp\/v2\/posts\/2305"}],"collection":[{"href":"https:\/\/www.salvatorianas.org.br\/blog\/wp-json\/wp\/v2\/posts"}],"about":[{"href":"https:\/\/www.salvatorianas.org.br\/blog\/wp-json\/wp\/v2\/types\/post"}],"author":[{"embeddable":true,"href":"https:\/\/www.salvatorianas.org.br\/blog\/wp-json\/wp\/v2\/users\/1"}],"replies":[{"embeddable":true,"href":"https:\/\/www.salvatorianas.org.br\/blog\/wp-json\/wp\/v2\/comments?post=2305"}],"version-history":[{"count":0,"href":"https:\/\/www.salvatorianas.org.br\/blog\/wp-json\/wp\/v2\/posts\/2305\/revisions"}],"wp:featuredmedia":[{"embeddable":true,"href":"https:\/\/www.salvatorianas.org.br\/blog\/wp-json\/wp\/v2\/media\/2458"}],"wp:attachment":[{"href":"https:\/\/www.salvatorianas.org.br\/blog\/wp-json\/wp\/v2\/media?parent=2305"}],"wp:term":[{"taxonomy":"category","embeddable":true,"href":"https:\/\/www.salvatorianas.org.br\/blog\/wp-json\/wp\/v2\/categories?post=2305"},{"taxonomy":"post_tag","embeddable":true,"href":"https:\/\/www.salvatorianas.org.br\/blog\/wp-json\/wp\/v2\/tags?post=2305"}],"curies":[{"name":"wp","href":"https:\/\/api.w.org\/{rel}","templated":true}]}}