{"id":2303,"date":"2015-03-23T00:00:00","date_gmt":"2015-03-23T00:00:00","guid":{"rendered":"https:\/\/www.salvatorianas.org.br\/blog\/arquidiocese-lanca-ano-do-cuidado-com-a-vida-em-formacao-com-agentes\/"},"modified":"2015-03-23T00:00:00","modified_gmt":"2015-03-23T00:00:00","slug":"arquidiocese-lanca-ano-do-cuidado-com-a-vida-em-formacao-com-agentes","status":"publish","type":"post","link":"https:\/\/www.salvatorianas.org.br\/blog\/arquidiocese-lanca-ano-do-cuidado-com-a-vida-em-formacao-com-agentes\/","title":{"rendered":"Arquidiocese lan\u00e7a Ano do Cuidado com a Vida em forma\u00e7\u00e3o com agentes"},"content":{"rendered":"<p class=\"rtecenter\" style=\"text-align: left;\"><em>[imagem1]<\/em><\/p>\n<p class=\"rtecenter\" style=\"text-align: center;\">&nbsp;<\/p>\n<p class=\"rtecenter\" style=\"text-align: center;\"><em>A cada ano a Igreja da arquidiocese escolhe um tema para priorizar suas a&ccedil;&otilde;es. Em 2014, a juventude foi o foco das aten&ccedil;&otilde;es e agora, em 2015, o ano &eacute; de cuidado com a vida<\/em><\/p>\n<p>Reafirmando o compromisso cantado no hino, de <em>cuidar da vida que h&aacute; dentro da gente e em todo o lugar<\/em>, mais de 250 agentes, lideran&ccedil;as e integrantes dos Conselhos Pastorais Paroquiais se reuniram neste s&aacute;bado, 21, no Santu&aacute;rio Nossa Senhora Aparecida. O encontro marcou a forma&ccedil;&atilde;o para o primeiro semestre do Ano do Cuidado com a Vida na Arquidiocese de Passo Fundo.<\/p>\n<p>A atividade iniciou com a acolhida de dom Antonio Carlos Altieri, arcebispo metropolitano. Na ocasi&atilde;o, dom Altieri refor&ccedil;ou a import&acirc;ncia do olhar cuidadoso com&nbsp; a vida e apontou a infeliz desvaloriza&ccedil;&atilde;o do ser humano em prol do dinheiro. &ldquo;O homem est&aacute; sendo tirado do centro por causa do capital e, por isso, estamos desrespeitando o projeto de Deus&rdquo;, afirmou. O arcebispo ressaltou ainda o compromisso que cada um assumiu ao participar do encontro, o de ser multiplicador da forma&ccedil;&atilde;o e do estudo dos temas.<\/p>\n<p>O caminho percorrido pela arquidiocese at&eacute; 2015 foi lembrado pelo padre Arnildo Fritzen, coordenador<img decoding=\"async\" loading=\"lazy\" style=\"float: right;\" src=\"http:\/\/www.arquidiocesedepassofundo.com.br\/site\/sites\/default\/files\/Encontro%20Arquidiocesano%20de%20Agentes%20%2892%29.JPG\" alt=\"\" width=\"218\" height=\"290\" \/> de pastoral. Citando os textos b&iacute;blicos que falam sobre as maravilhas do que foi criado por Deus, o sacerdote complementou refor&ccedil;ando a necessidade do cuidado com a vida dos mais necessitados e mencionou o Papa Francisco: <em>&#8220;<\/em>H&aacute; o suficiente para alimentar a todos, mas nem todos conseguem se alimentar, enquanto o excedente e os res&iacute;duos, o consumo excessivo e uso indevido de alimentos s&atilde;o comuns&#8221;. &#8220;Enquanto falamos de novos direitos, os famintos continuam nas esquinas pedindo para serem inclu&iacute;dos na sociedade e terem o p&atilde;o de cada dia. Esta &eacute; a dignidade que eles pedem e n&atilde;o esmolas&#8221;, salienta o Papa.<\/p>\n<p>A proposta de trabalho para o ano contempla o estudo de um tema a cada m&ecirc;s e, at&eacute; julho, debater&aacute; as quest&otilde;es da terra, &aacute;gua, sementes e agroecologia. Os quatro pontos foram refletidos em um dos momentos mais marcantes do encontro, uma prociss&atilde;o que celebrou o Cuidado com a Vida.<\/p>\n<p>A caminhada, realizada dentro do Santu&aacute;rio Nossa Senhora Aparecida, integrou quatro paradas que provocaram os participantes a pensarem, refletirem e rezarem cada um dos temas a partir da Palavra de Deus e da an&aacute;lise da realidade. Al&eacute;m disso, outra proposta foi a de identificar a&ccedil;&otilde;es pr&aacute;ticas que podem ser realizadas nos locais de cada um: bairros, comunidades, casas e etc.<\/p>\n<p>Para dinamizar a viv&ecirc;ncia do Ano do Cuidado com a Vida nos 47 munic&iacute;pios, as par&oacute;quias tiveram no encontro a oportunidade de tra&ccedil;arem suas pr&oacute;prias estrat&eacute;gias de a&ccedil;&atilde;o. Muitas sugest&otilde;es surgiram, entre elas o resgate do cultivo de sementes crioulas, separa&ccedil;&atilde;o do lixo, limpeza de nascentes e rios, conscientiza&ccedil;&atilde;o das comunidades, capta&ccedil;&atilde;o e&nbsp;uso da &aacute;gua da chuva e debate sobre o tema nas celebra&ccedil;&otilde;es e encontros.<\/p>\n<p>O encontro encerrou com a b&ecirc;n&ccedil;&atilde;o do Sant&iacute;ssimo e envio dos Conselhos Pastorais Paroquiais, que receberam de dom Altieri mudas de &aacute;rvores como sinal do compromisso com a vida e com as a&ccedil;&otilde;es deste ano em suas comunidades e par&oacute;quias.<\/p>\n<p>&nbsp;<\/p>\n<p><em>Fonte: Arquidiocese de Passo Fundo<\/em><\/p>\n","protected":false},"excerpt":{"rendered":"<p>[imagem1] &nbsp; A cada ano a Igreja da arquidiocese escolhe um tema para priorizar suas a&ccedil;&otilde;es. Em 2014, a juventude foi o foco das aten&ccedil;&otilde;es e agora, em 2015, o ano &eacute; de&#8230;<\/p>\n","protected":false},"author":1,"featured_media":2452,"comment_status":"open","ping_status":"open","sticky":false,"template":"","format":"standard","meta":[],"categories":[1],"tags":[],"_links":{"self":[{"href":"https:\/\/www.salvatorianas.org.br\/blog\/wp-json\/wp\/v2\/posts\/2303"}],"collection":[{"href":"https:\/\/www.salvatorianas.org.br\/blog\/wp-json\/wp\/v2\/posts"}],"about":[{"href":"https:\/\/www.salvatorianas.org.br\/blog\/wp-json\/wp\/v2\/types\/post"}],"author":[{"embeddable":true,"href":"https:\/\/www.salvatorianas.org.br\/blog\/wp-json\/wp\/v2\/users\/1"}],"replies":[{"embeddable":true,"href":"https:\/\/www.salvatorianas.org.br\/blog\/wp-json\/wp\/v2\/comments?post=2303"}],"version-history":[{"count":0,"href":"https:\/\/www.salvatorianas.org.br\/blog\/wp-json\/wp\/v2\/posts\/2303\/revisions"}],"wp:featuredmedia":[{"embeddable":true,"href":"https:\/\/www.salvatorianas.org.br\/blog\/wp-json\/wp\/v2\/media\/2452"}],"wp:attachment":[{"href":"https:\/\/www.salvatorianas.org.br\/blog\/wp-json\/wp\/v2\/media?parent=2303"}],"wp:term":[{"taxonomy":"category","embeddable":true,"href":"https:\/\/www.salvatorianas.org.br\/blog\/wp-json\/wp\/v2\/categories?post=2303"},{"taxonomy":"post_tag","embeddable":true,"href":"https:\/\/www.salvatorianas.org.br\/blog\/wp-json\/wp\/v2\/tags?post=2303"}],"curies":[{"name":"wp","href":"https:\/\/api.w.org\/{rel}","templated":true}]}}