{"id":2248,"date":"2015-04-25T00:00:00","date_gmt":"2015-04-25T00:00:00","guid":{"rendered":"https:\/\/www.salvatorianas.org.br\/blog\/2015-coracoes-em-alta-no-projeto-transformacao-em-arte\/"},"modified":"2015-04-25T00:00:00","modified_gmt":"2015-04-25T00:00:00","slug":"2015-coracoes-em-alta-no-projeto-transformacao-em-arte","status":"publish","type":"post","link":"https:\/\/www.salvatorianas.org.br\/blog\/2015-coracoes-em-alta-no-projeto-transformacao-em-arte\/","title":{"rendered":"2015&#8230; Cora\u00e7\u00f5es em alta no Projeto TransformA\u00e7\u00e3o em Arte !!!"},"content":{"rendered":"<p style=\"text-align: justify;\">[imagem1]<\/p>\n<p style=\"text-align: justify;\">&nbsp;<\/p>\n<p style=\"text-align: justify;\">Iniciamos o ano de 2015 enriquecidos com a boa vontade de todos os que conosco caminham. Mentes e cora&ccedil;&otilde;es abertos buscando a constru&ccedil;&atilde;o de um mundo melhor.<\/p>\n<p style=\"text-align: justify;\">O <strong>Projeto TransformA&ccedil;&atilde;o em Arte <\/strong>est&aacute; iniciando um novo ano, 2015, com novas esperan&ccedil;as, novo &acirc;nimo, com muitos desafios e muitas metas a alcan&ccedil;ar, mas com o olhar no horizonte&#8230; &Eacute; preciso trabalhar em parceria e contar sempre com a partilha dos cora&ccedil;&otilde;es generosos que sabem agradecer a Deus e retribuir pelas conquistas alcan&ccedil;adas. Queremos que os desacreditados da nossa sociedade tamb&eacute;m possam construir conquistas e concretizar sonhos.<\/p>\n<p style=\"text-align: justify;\">O amor solid&aacute;rio &eacute; a ferramenta mais poderosa na vida das pessoas. O Projeto <strong>TransformA&ccedil;&atilde;o em Arte<\/strong> &eacute; resultado&nbsp; desse amor, vive e sobrevive desse amor. Ele precisa de gente que cure feridas, dores e, principalmente, que desperte e alimente a autoestima, que auxilie na constru&ccedil;&atilde;o da dignidade, da vida cidad&atilde; de crian&ccedil;as e jovens que n&atilde;o escolheram existir e viver na comunidade da Vila Popular, em Passo Fundo. E que, por outro lado, fazem parte de fam&iacute;lias que, do seu jeito simples, colaboram para diminuir o impacto destrutivo ao nosso meio ambiente atrav&eacute;s da reciclagem. Se expressa essa realidade atrav&eacute;s das express&otilde;es usadas pela pr&oacute;pria comunidade:<em> Lixo que gera vida, esperan&ccedil;a&#8230; Lixo que gera trabalho, sustento, transforma&ccedil;&atilde;o, dignidade&#8230;<\/em><\/p>\n<p style=\"text-align: justify;\">&nbsp;&nbsp;&nbsp;&nbsp;&nbsp;&nbsp;&nbsp;&nbsp;&nbsp;&nbsp;&nbsp; A participa&ccedil;&atilde;o de cada um neste Projeto &eacute; o <strong><em>&ldquo;&oacute;leo do amor compaix&atilde;o&rdquo;<\/em><\/strong> que vai auxiliando na cura das dores e das feridas, no crescimento em todos os sentidos. E nossas crian&ccedil;as e jovens est&atilde;o crescendo, mudando, mudando em palavras, atitudes e a&ccedil;&otilde;es. A cada dia surpreendem a todos n&oacute;s.<\/p>\n<p style=\"text-align: justify;\">&nbsp;&nbsp;&nbsp;&nbsp;&nbsp;&nbsp;&nbsp;&nbsp;&nbsp;&nbsp;&nbsp; A Equipe do Projeto TransformA&ccedil;&atilde;o em Arte se prepara e fortalece com as reuni&otilde;es mensais, onde, com nosso Orientador encontramos caminhos, meios e sugest&otilde;es para enfrentar o dia a dia, continuar o processo de humaniza&ccedil;&atilde;o e crescimento pessoal e do grupo.<\/p>\n<p style=\"text-align: justify;\">&nbsp;&nbsp;&nbsp;&nbsp;&nbsp;&nbsp;&nbsp;&nbsp;&nbsp;&nbsp;&nbsp; Continuamos nosso trabalho na Vila Popular, no <strong>Projeto TransformA&ccedil;&atilde;o em Arte<\/strong>, confiando em Algo Maior, &nbsp;com a certeza que a f&eacute; e a vida j&aacute; nos comprovaram, est&aacute; derramando b&ecirc;n&ccedil;&atilde;os infinitas, inimagin&aacute;veis, sobre cada um dos participantes do Projeto TransformA&ccedil;&atilde;o em Arte.<\/p>\n<p>&nbsp;&nbsp;&nbsp;&nbsp;&nbsp;&nbsp;&nbsp;&nbsp;&nbsp;&nbsp;&nbsp;<\/p>\n<p>&nbsp;<\/p>\n<p><strong>&nbsp; &nbsp; &nbsp; &nbsp; &nbsp; &nbsp; &nbsp; &nbsp; &nbsp; &nbsp; &nbsp; &nbsp; &nbsp; &nbsp; &nbsp; &nbsp; &nbsp; &nbsp; Justi&ccedil;a: Paz&#8230;&nbsp;<\/strong><\/p>\n<p><strong>&nbsp; &nbsp; &nbsp; &nbsp; &nbsp; &nbsp; &nbsp; &nbsp; &nbsp; &nbsp; &nbsp; &nbsp; &nbsp; &nbsp; &nbsp; &nbsp; &nbsp; &nbsp; &nbsp; &nbsp; &nbsp; &nbsp; &nbsp; &nbsp; &nbsp; &nbsp; &nbsp; &nbsp; &nbsp; &nbsp; &nbsp; &nbsp; &nbsp; &nbsp; &nbsp; &nbsp; &nbsp;Partilha: Paz&#8230;<\/strong><\/p>\n<p><strong>&nbsp; &nbsp; &nbsp; &nbsp; &nbsp; &nbsp; &nbsp; &nbsp; &nbsp; &nbsp; &nbsp; &nbsp; &nbsp; &nbsp; &nbsp; &nbsp; &nbsp; &nbsp; &nbsp; &nbsp; &nbsp; &nbsp; &nbsp; &nbsp; &nbsp; &nbsp; &nbsp; &nbsp; &nbsp; &nbsp; &nbsp; &nbsp; &nbsp; &nbsp; &nbsp; &nbsp; &nbsp; &nbsp; &nbsp; &nbsp; &nbsp; &nbsp; &nbsp; &nbsp; &nbsp; &nbsp; &nbsp; &nbsp; &nbsp; &nbsp; &nbsp; &nbsp; &nbsp; &nbsp; &nbsp; &nbsp; &nbsp; &nbsp; Amor: Paz&#8230;<\/strong><\/p>\n","protected":false},"excerpt":{"rendered":"<p>[imagem1] &nbsp; Iniciamos o ano de 2015 enriquecidos com a boa vontade de todos os que conosco caminham. Mentes e cora&ccedil;&otilde;es abertos buscando a constru&ccedil;&atilde;o de um mundo melhor. O Projeto TransformA&ccedil;&atilde;o em&#8230;<\/p>\n","protected":false},"author":1,"featured_media":2345,"comment_status":"open","ping_status":"open","sticky":false,"template":"","format":"standard","meta":[],"categories":[1],"tags":[],"_links":{"self":[{"href":"https:\/\/www.salvatorianas.org.br\/blog\/wp-json\/wp\/v2\/posts\/2248"}],"collection":[{"href":"https:\/\/www.salvatorianas.org.br\/blog\/wp-json\/wp\/v2\/posts"}],"about":[{"href":"https:\/\/www.salvatorianas.org.br\/blog\/wp-json\/wp\/v2\/types\/post"}],"author":[{"embeddable":true,"href":"https:\/\/www.salvatorianas.org.br\/blog\/wp-json\/wp\/v2\/users\/1"}],"replies":[{"embeddable":true,"href":"https:\/\/www.salvatorianas.org.br\/blog\/wp-json\/wp\/v2\/comments?post=2248"}],"version-history":[{"count":0,"href":"https:\/\/www.salvatorianas.org.br\/blog\/wp-json\/wp\/v2\/posts\/2248\/revisions"}],"wp:featuredmedia":[{"embeddable":true,"href":"https:\/\/www.salvatorianas.org.br\/blog\/wp-json\/wp\/v2\/media\/2345"}],"wp:attachment":[{"href":"https:\/\/www.salvatorianas.org.br\/blog\/wp-json\/wp\/v2\/media?parent=2248"}],"wp:term":[{"taxonomy":"category","embeddable":true,"href":"https:\/\/www.salvatorianas.org.br\/blog\/wp-json\/wp\/v2\/categories?post=2248"},{"taxonomy":"post_tag","embeddable":true,"href":"https:\/\/www.salvatorianas.org.br\/blog\/wp-json\/wp\/v2\/tags?post=2248"}],"curies":[{"name":"wp","href":"https:\/\/api.w.org\/{rel}","templated":true}]}}