{"id":2244,"date":"2015-04-28T00:00:00","date_gmt":"2015-04-28T00:00:00","guid":{"rendered":"https:\/\/www.salvatorianas.org.br\/blog\/comunidades-de-varzea-do-poco-realizam-celebracao-de-agradecimento-pelas-novas-tecnologias-de-sustentabilidade\/"},"modified":"2015-04-28T00:00:00","modified_gmt":"2015-04-28T00:00:00","slug":"comunidades-de-varzea-do-poco-realizam-celebracao-de-agradecimento-pelas-novas-tecnologias-de-sustentabilidade","status":"publish","type":"post","link":"https:\/\/www.salvatorianas.org.br\/blog\/comunidades-de-varzea-do-poco-realizam-celebracao-de-agradecimento-pelas-novas-tecnologias-de-sustentabilidade\/","title":{"rendered":"Comunidades de V\u00e1rzea do Po\u00e7o realizam celebra\u00e7\u00e3o de agradecimento pelas novas tecnologias de sustentabilidade"},"content":{"rendered":"<p style=\"text-align: justify;\">[imagem1]<\/p>\n<p style=\"text-align: justify;\">&nbsp;<\/p>\n<p style=\"text-align: justify;\">As fam&iacute;lias agricultoras de V&aacute;rzea do Po&ccedil;o\/BA foram contempladas com a implanta&ccedil;&atilde;o de tecnologias sociais, atrav&eacute;s da constru&ccedil;&atilde;o de cisternas, cal&ccedil;ad&atilde;o, barragens subterr&acirc;neas, barreiro, cisterna de consumo humano e produ&ccedil;&atilde;o de alimentos. Nove comunidades foram agraciadas com 103 tecnologias desenvolvidas pela C&aacute;ritas da Diocese de Ruy Barbosa, em parceria com o Governo Federal.<\/p>\n<p style=\"text-align: justify;\">No dia 21 de abril, foi realizada uma celebra&ccedil;&atilde;o de agradecimento com todas as fam&iacute;lias contempladas com as tecnologias de cisternas, com in&iacute;cio em e conclus&atilde;o no come&ccedil;o de 2015. As comunidades recordaram que foram as Irm&atilde;s Salvatorianas que iniciaram a constru&ccedil;&atilde;o de cisternas na regi&atilde;o, nos primeiros anos de miss&atilde;o em V&aacute;rzea do Po&ccedil;o\/BA.<\/p>\n<p style=\"text-align: justify;\">A celebra&ccedil;&atilde;o foi realizada debaixo de um p&eacute; de caj&aacute;, fruta t&iacute;pica do Nordeste, resistente &agrave; seca e muito saborosa. O momento celebrativo foi permeado&nbsp;pela Palavra de Deus e animado pela Ir. Terezinha Pala, e pelo grupo respons&aacute;vel pela anima&ccedil;&atilde;o do evento. Durante o ofert&oacute;rio, foram apresentados&nbsp;os frutos da cisterna de produ&ccedil;&atilde;o; e o jegue, como s&iacute;mbolo de for&ccedil;a para carregar a &aacute;gua quando as fam&iacute;lias n&atilde;o tinham cisternas de consumo. Hoje, felizmente, todas as fam&iacute;lias que residem na ro&ccedil;a possuem sua cisterna. Os v&aacute;rios depoimentos e preces dos participantes fizeram com que a celebra&ccedil;&atilde;o se tornasse viva, alegre e din&acirc;mica.<\/p>\n<p style=\"text-align: justify;\">No final, realizou-se a famosa confraterniza&ccedil;&atilde;o e cada fam&iacute;lia partilhou sucos naturais, doces, salgados, frutas, dentre outros.<\/p>\n<p style=\"text-align: justify;\">Obrigada, Deus da vida, por mais este bem em favor dos pobres!<\/p>\n","protected":false},"excerpt":{"rendered":"<p>[imagem1] &nbsp; As fam&iacute;lias agricultoras de V&aacute;rzea do Po&ccedil;o\/BA foram contempladas com a implanta&ccedil;&atilde;o de tecnologias sociais, atrav&eacute;s da constru&ccedil;&atilde;o de cisternas, cal&ccedil;ad&atilde;o, barragens subterr&acirc;neas, barreiro, cisterna de consumo humano e produ&ccedil;&atilde;o de&#8230;<\/p>\n","protected":false},"author":1,"featured_media":2408,"comment_status":"open","ping_status":"open","sticky":false,"template":"","format":"standard","meta":[],"categories":[1],"tags":[],"_links":{"self":[{"href":"https:\/\/www.salvatorianas.org.br\/blog\/wp-json\/wp\/v2\/posts\/2244"}],"collection":[{"href":"https:\/\/www.salvatorianas.org.br\/blog\/wp-json\/wp\/v2\/posts"}],"about":[{"href":"https:\/\/www.salvatorianas.org.br\/blog\/wp-json\/wp\/v2\/types\/post"}],"author":[{"embeddable":true,"href":"https:\/\/www.salvatorianas.org.br\/blog\/wp-json\/wp\/v2\/users\/1"}],"replies":[{"embeddable":true,"href":"https:\/\/www.salvatorianas.org.br\/blog\/wp-json\/wp\/v2\/comments?post=2244"}],"version-history":[{"count":0,"href":"https:\/\/www.salvatorianas.org.br\/blog\/wp-json\/wp\/v2\/posts\/2244\/revisions"}],"wp:featuredmedia":[{"embeddable":true,"href":"https:\/\/www.salvatorianas.org.br\/blog\/wp-json\/wp\/v2\/media\/2408"}],"wp:attachment":[{"href":"https:\/\/www.salvatorianas.org.br\/blog\/wp-json\/wp\/v2\/media?parent=2244"}],"wp:term":[{"taxonomy":"category","embeddable":true,"href":"https:\/\/www.salvatorianas.org.br\/blog\/wp-json\/wp\/v2\/categories?post=2244"},{"taxonomy":"post_tag","embeddable":true,"href":"https:\/\/www.salvatorianas.org.br\/blog\/wp-json\/wp\/v2\/tags?post=2244"}],"curies":[{"name":"wp","href":"https:\/\/api.w.org\/{rel}","templated":true}]}}