{"id":2240,"date":"2015-04-28T00:00:00","date_gmt":"2015-04-28T00:00:00","guid":{"rendered":"https:\/\/www.salvatorianas.org.br\/blog\/papa-francisco-pede-oracoes-pelas-vitimas-do-terremoto-no-nepal\/"},"modified":"2015-04-28T00:00:00","modified_gmt":"2015-04-28T00:00:00","slug":"papa-francisco-pede-oracoes-pelas-vitimas-do-terremoto-no-nepal","status":"publish","type":"post","link":"https:\/\/www.salvatorianas.org.br\/blog\/papa-francisco-pede-oracoes-pelas-vitimas-do-terremoto-no-nepal\/","title":{"rendered":"Papa Francisco pede ora\u00e7\u00f5es pelas v\u00edtimas do terremoto no Nepal"},"content":{"rendered":"<p style=\"text-align: justify;\">[imagem1]<\/p>\n<p style=\"text-align: justify;\">&nbsp;&ldquo;Desejo assegurar a minha proximidade &agrave;s popula&ccedil;&otilde;es atingidas por um forte terremoto no Nepal e nos pa&iacute;ses vizinhos. Rezo pelas v&iacute;timas, pelos feridos e por todos aqueles que sofrem por causa desta calamidade. Que tenham o apoio da solidariedade fraterna. E rezemos a Nossa Senhora para que lhes seja pr&oacute;xima&#8221;, disse o papa Francisco, na Ora&ccedil;&atilde;o do Angelus, na Pra&ccedil;a de S&atilde;o Pedro, no domingo, 26.<\/p>\n<p style=\"text-align: justify;\">Com milhares de fieis reunidos no Vaticano, o papa pediu para que rezem pelas v&iacute;timas do violento terremoto que atingiu a popula&ccedil;&atilde;o do Nepal. Francisco j&aacute; havia enviado um telegrama ao n&uacute;ncio apost&oacute;lico no Nepal, assegurando suas ora&ccedil;&otilde;es e proximidade &agrave;s v&iacute;timas do sismo.<\/p>\n<p style=\"text-align: justify;\">De acordo com informa&ccedil;&otilde;es do Governo, o n&uacute;mero de mortes ultrapassou 2.263. A regi&atilde;o continua a tremer, com possibilidade de novos abalos. A comunidade internacional come&ccedil;a a enviar aux&iacute;lio &agrave;s v&iacute;timas.<\/p>\n<p style=\"text-align: justify;\"><strong>Ajuda a v&iacute;timas<\/strong><\/p>\n<p style=\"text-align: justify;\">Na manh&atilde; do domingo, um abalo de 6,7 voltou a sacudir o pa&iacute;s, o que provocou outra avalanche nos campos de base do Everest. O balan&ccedil;o das v&iacute;timas ainda &eacute; parcial, visto que muitos corpos est&atilde;o sob os escombros. O n&uacute;mero de feridos ultrapassou mais de 50 mil e cerca de 6,6 milh&otilde;es de pessoas atingidas, segundo a ONU.<\/p>\n<p style=\"text-align: justify;\">O povoado de Langtantg, ao norte da capital, foi soterrado pela lama, o que pode ter provocado a morte de mais de cem pessoas. Uma trag&eacute;dia semelhante ocorreu h&aacute; 81 anos no pa&iacute;s, quando um terremoto matou mais de dez mil pessoas.<\/p>\n<p style=\"text-align: justify;\">O Governo de Kathmandu declarou estado de calamidade natural e o presidente Koirala convidou os cidad&atilde;os a permanecerem unidos em meio a este grande desastre. O pa&iacute;s tem recebido diversos ajudas, que come&ccedil;am a chegar de avi&otilde;es.<\/p>\n<p style=\"text-align: justify;\">Fonte: CNBB<\/p>\n","protected":false},"excerpt":{"rendered":"<p>[imagem1] &nbsp;&ldquo;Desejo assegurar a minha proximidade &agrave;s popula&ccedil;&otilde;es atingidas por um forte terremoto no Nepal e nos pa&iacute;ses vizinhos. Rezo pelas v&iacute;timas, pelos feridos e por todos aqueles que sofrem por causa desta&#8230;<\/p>\n","protected":false},"author":1,"featured_media":2404,"comment_status":"open","ping_status":"open","sticky":false,"template":"","format":"standard","meta":[],"categories":[1],"tags":[],"_links":{"self":[{"href":"https:\/\/www.salvatorianas.org.br\/blog\/wp-json\/wp\/v2\/posts\/2240"}],"collection":[{"href":"https:\/\/www.salvatorianas.org.br\/blog\/wp-json\/wp\/v2\/posts"}],"about":[{"href":"https:\/\/www.salvatorianas.org.br\/blog\/wp-json\/wp\/v2\/types\/post"}],"author":[{"embeddable":true,"href":"https:\/\/www.salvatorianas.org.br\/blog\/wp-json\/wp\/v2\/users\/1"}],"replies":[{"embeddable":true,"href":"https:\/\/www.salvatorianas.org.br\/blog\/wp-json\/wp\/v2\/comments?post=2240"}],"version-history":[{"count":0,"href":"https:\/\/www.salvatorianas.org.br\/blog\/wp-json\/wp\/v2\/posts\/2240\/revisions"}],"wp:featuredmedia":[{"embeddable":true,"href":"https:\/\/www.salvatorianas.org.br\/blog\/wp-json\/wp\/v2\/media\/2404"}],"wp:attachment":[{"href":"https:\/\/www.salvatorianas.org.br\/blog\/wp-json\/wp\/v2\/media?parent=2240"}],"wp:term":[{"taxonomy":"category","embeddable":true,"href":"https:\/\/www.salvatorianas.org.br\/blog\/wp-json\/wp\/v2\/categories?post=2240"},{"taxonomy":"post_tag","embeddable":true,"href":"https:\/\/www.salvatorianas.org.br\/blog\/wp-json\/wp\/v2\/tags?post=2240"}],"curies":[{"name":"wp","href":"https:\/\/api.w.org\/{rel}","templated":true}]}}