{"id":2238,"date":"2015-04-29T00:00:00","date_gmt":"2015-04-29T00:00:00","guid":{"rendered":"https:\/\/www.salvatorianas.org.br\/blog\/justica-paz-e-integridade-da-criacao-e-tema-de-encontro-da-crb-em-brasilia\/"},"modified":"2015-04-29T00:00:00","modified_gmt":"2015-04-29T00:00:00","slug":"justica-paz-e-integridade-da-criacao-e-tema-de-encontro-da-crb-em-brasilia","status":"publish","type":"post","link":"https:\/\/www.salvatorianas.org.br\/blog\/justica-paz-e-integridade-da-criacao-e-tema-de-encontro-da-crb-em-brasilia\/","title":{"rendered":"Justi\u00e7a, Paz e Integridade da Cria\u00e7\u00e3o \u00e9 tema de encontro da CRB em Bras\u00edlia"},"content":{"rendered":"<p style=\"text-align: justify;\">[imagem1]<\/p>\n<p style=\"text-align: justify;\">&nbsp;<\/p>\n<p style=\"text-align: justify;\">A CRB Nacional realiza de 04 a 06 de junho de 2015 o encontro nacional Justi&ccedil;a, Paz e integridade da Cria&ccedil;&atilde;o.<\/p>\n<p style=\"text-align: justify;\">O evento tem como objetivo fortalecer a miss&atilde;o prof&eacute;tica da Vida Religiosa Consagrada &ndash; VRC, especialmente daquela que est&aacute; nas fronteiras do mundo, onde a vida &eacute; mais amea&ccedil;ada; articular iniciativas e realiza&ccedil;&otilde;es da VRC do Brasil na perspectiva da Justi&ccedil;a, Paz e Integridade da Cria&ccedil;&atilde;o, potencializando intera&ccedil;&otilde;es e parcerias, sobretudo com talentos humanos de diferentes gera&ccedil;&otilde;es; criar uma equipe de articula&ccedil;&atilde;o nacional visando os dois objetivos acima.<\/p>\n<p style=\"text-align: justify;\">De acordo com a coordena&ccedil;&atilde;o, o encontro destina-se a Religiosas e Religiosos que tem atua&ccedil;&atilde;o mission&aacute;ria junto ao mundo dos empobrecidos e\/ou junto &agrave;s suas causas; pessoas com disponibilidade e possibilidade de articula&ccedil;&atilde;o dos servi&ccedil;os de Justi&ccedil;a e Paz da VRC do Brasil e que possam participar em tempo integral do encontro.<\/p>\n<p style=\"text-align: justify;\">&ldquo;Queremos que este encontro seja uma conjuga&ccedil;&atilde;o de for&ccedil;as de talentos humanos da Vida Religiosa Consagrada, mulheres e homens, pessoas que est&atilde;o atuando em situa&ccedil;&otilde;es de fronteiras sociais, econ&ocirc;micas, pol&iacute;ticas, eclesiais, junto &agrave;s pessoas empobrecidas, pessoas vinculadas &agrave;s causas da transforma&ccedil;&atilde;o da sociedade&rdquo;, disse o dominicano, membro da Comiss&atilde;o Justi&ccedil;a e Paz da CNBB e da coordena&ccedil;&atilde;o do encontro pela CRB&rdquo;, frei Jos&eacute; Fernandes, op.<\/p>\n<p style=\"text-align: justify;\">Para a religiosa da Congrega&ccedil;&atilde;o das Irm&atilde;s de S&atilde;o F&eacute;lix de Cantalice, tamb&eacute;m participante da coordena&ccedil;&atilde;o do encontro, Jucieda Menezes, cssf,&nbsp; &eacute; um momento impar na caminhada da CRB.&nbsp; &#8220;Pelo fato de estarmos retomando este caminho de procurar celebrar entre as comunidades e o povo essa luta t&atilde;o atual que &eacute; o compromisso com a integridade da cria&ccedil;&atilde;o e com a justi&ccedil;a. Menezes acredita que&nbsp; se a cria&ccedil;&atilde;o est&aacute; desintegrada &eacute; porque algu&eacute;m quebrou esta harmonia e se faz necess&aacute;rio come&ccedil;ar arrumando a pr&oacute;pria casa interior que&nbsp; tamb&eacute;m se encontra fragmentada. &#8220;A ideia &eacute; alertar e estar junto daqueles e daquelas que est&atilde;o l&aacute; onde a vida est&aacute; mais amea&ccedil;ada.<\/p>\n<p style=\"text-align: justify;\">Em mensagem enviada aos Religiosos sobre a realiza&ccedil;&atilde;o deste evento, a presidente nacional da CRB, Irm&atilde; Maria In&ecirc;s Vieira Ribeiro, mad, destacou que &ldquo;a quest&atilde;o da Justi&ccedil;a e da Paz e ecologia &eacute; compromisso de todos e que a CRB sempre esteve atenta a estas quest&otilde;es, na defesa dos mais pobres e marcou presen&ccedil;a nas grandes lutas do povo&rdquo;.<\/p>\n<p style=\"text-align: justify;\">A ficha de inscri&ccedil;&atilde;o(anexa), em breve se encontrar&aacute;, tamb&eacute;m, no site da CRB Nacional (<a href=\"http:\/\/crbnacional.org.br\/\">www.crbnacional.org.br<\/a>) e outras informa&ccedil;&otilde;es s&atilde;o acess&iacute;veis atrav&eacute;s de Irm&atilde; Ivani Brito. (e-mail: <a href=\"mailto:missao@crbnacional.org.br\">missao@crbnacional.org.br<\/a>.<\/p>\n<p style=\"text-align: justify;\">Leia a &iacute;ntegra da carta da presidente, Irm&atilde; Maria In&ecirc;s<\/p>\n<p style=\"text-align: justify;\" align=\"center\"><strong>&nbsp;<\/strong><\/p>\n<p style=\"text-align: justify;\" align=\"right\"><strong>Bras&iacute;lia, 07 de janeiro de 2015<\/strong><\/p>\n<p style=\"text-align: justify;\">&Agrave;s \/ aos<\/p>\n<p style=\"text-align: justify;\">Superioras\/es Maiores<\/p>\n<p style=\"text-align: justify;\">Provinciais, Regionais e toda Vida Religiosa Consagrada do Brasil.<\/p>\n<p style=\"text-align: justify;\">Queridas Irm&atilde;s, queridos Irm&atilde;os,<\/p>\n<p style=\"text-align: justify;\">O objetivo primeiro desta correspond&ecirc;ncia, &eacute; iniciar um di&aacute;logo sobre Justi&ccedil;a, Paz e Ecologia. Acompanhamos os sinais dos tempos e com aten&ccedil;&atilde;o voltada para as grandes causas sociais e para as quest&otilde;es ecol&oacute;gicas, constatamos que cada vez mais vivemos rela&ccedil;&otilde;es injustas provocadas pelo modelo econ&ocirc;mico, politico, social, cultural e religioso, que desencadeia viol&ecirc;ncia, marginalidade, divis&atilde;o, desequil&iacute;brio ecol&oacute;gico e uso irracional dos bens da M&atilde;e Terra causando n&atilde;o somente maior pobreza, mas tamb&eacute;m destrui&ccedil;&atilde;o da pr&oacute;pria vida.<\/p>\n<p style=\"text-align: justify;\">Impulsionadas pelo grande convite do nosso querido Papa Francisco ao dedicar um&nbsp; Ano &agrave; Vida Consagrada acolhemos e apoiamos com todo o cora&ccedil;&atilde;o o seu chamado a viver o Evangelho com ternura, simplicidade e autocr&iacute;tica, superando a comodidade autoreferencial (DA 8,94). Comprometemos-nos a ser comunidades &ldquo;em sa&iacute;da&rdquo;, &ldquo;Igreja com as portas abertas [&hellip;] para chegar &agrave;s periferias humanas&rdquo; (EG 46), em sintonia com toda a cria&ccedil;&atilde;o, e pelo Horizonte e as prioridades deste Tri&ecirc;nio da CRB Nacional que nos convida a &ldquo;intensificar nossa presen&ccedil;a mission&aacute;ria e atua&ccedil;&atilde;o prof&eacute;tica, nas situa&ccedil;&otilde;es de fronteira (humanas, geogr&aacute;ficas, sociais e culturais) e periferias&rdquo;, que queremos dar continuidade a reflex&atilde;o e atua&ccedil;&atilde;o em prol destas causas. A quest&atilde;o da Justi&ccedil;a, Paz e Ecologia s&atilde;o compromisso de todos n&oacute;s. A CRB Nacional sempre esteve atenta a essas quest&otilde;es, sempre esteve na defesa dos mais pobres e marcou presen&ccedil;a nas grandes lutas do povo. Por muitos anos contamos com a valiosa atua&ccedil;&atilde;o do Grupo de Reflex&atilde;o e A&ccedil;&atilde;o de Justi&ccedil;a e Solidariedade-JUS-SOL, composta por Religiosas e Religiosos comprometidos\/as na defesa da vida dos mais necessitados.<\/p>\n<p style=\"text-align: justify;\">Sabemos que s&atilde;o muitas as iniciativas e compromisso das Congrega&ccedil;&otilde;es e fam&iacute;lias Religiosas nestas frentes de a&ccedil;&atilde;o, gostar&iacute;amos de retomar a caminhada convidando cada irm&atilde;, cada irm&atilde;o a refletir conosco estas quest&otilde;es que para n&oacute;s tem uma relev&acirc;ncia muito grande.<\/p>\n<p style=\"text-align: justify;\">Se a sua congrega&ccedil;&atilde;o tem interesse de contribuir na reflex&atilde;o, aprofundar e partilhar suas experi&ecirc;ncias de Justi&ccedil;a, Paz e Ecologia e seu compromisso com os pobres, envie-nos o contato de uma pessoa de sua Congrega&ccedil;&atilde;o como refer&ecirc;ncia. E desde j&aacute; convidamos para &nbsp;um <strong>Encontro que acontecer&aacute; de 04 a 06 de junho de 2015<\/strong>, em Bras&iacute;lia na Casa de Retiros Assun&ccedil;&atilde;o. Em breve estaremos disponibilizando a carta e a ficha de inscri&ccedil;&atilde;o no site da CRB Nacional. Informa&ccedil;&atilde;o na CRB Nacional no Setor de Miss&atilde;o. <a href=\"mailto:miss%C3%A3 &lt;script type='text\/javascript'&gt; &lt;!-- var prefix = 'ma' + 'il' + 'to'; var path = 'hr' + 'ef' + '='; var addy73688 = 'o' + '@'; addy73688 = addy73688 + 'crbnacional' + '.' + 'org' + '.' + 'br'; document.write('&lt;a ' + path + ''' + prefix + ':' + addy73688 + ''&gt;'); document.write(addy73688); document.write('&lt;\/a&gt;'); \/\/--&gt;n &lt;\/script&gt;&lt;script type='text\/javascript'&gt; &lt;!-- document.write('&lt;span style='display: none;'&gt;'); \/\/--&gt; &lt;\/script&gt;O endere%C3%A7o de e-mail address est%C3%A1 sendo protegido de spambots. Voc%C3%AA precisa ativar o JavaScript enabled para v%C3%AA-lo. &lt;script type='text\/javascript'&gt; &lt;!-- document.write('&lt;\/'); document.write('span&gt;'); \/\/--&gt; &lt;\/script&gt;\">miss&atilde; <\/a><a href=\"mailto:o@crbnacional.org.br\">o@crbnacional.org.br<\/a><\/p>\n<p style=\"text-align: justify;\">Participemos todos e todas da grande coleta de assinaturas para o Projeto de Lei de Iniciativa Popular elaborado pela Coaliz&atilde;o pela <strong>Reforma Pol&iacute;tica Democr&aacute;tica e Elei&ccedil;&otilde;es Limpas.<\/strong> Entre no site<a href=\"http:\/\/www.xn--reformapolticademocratica-jlc.org.br\/colete-assinaturas\">www.reformapol&iacute;ticademocratica.org.br\/colete-assinaturas<\/a>. Fa&ccedil;a c&oacute;pias do formul&aacute;rio, procure colher assinaturas o mais que puder e envie para o endere&ccedil;o que se encontra no pr&oacute;prio formul&aacute;rio, at&eacute; mar&ccedil;o de 2015. Vamos abra&ccedil;ar essa causa!<\/p>\n<p style=\"text-align: justify;\">Na certeza de que o Deus da vida que cuida de n&oacute;s com muito carinho,<\/p>\n<p style=\"text-align: justify;\">O meu abra&ccedil;o de fraternidade e de Paz!<\/p>\n<p align=\"center\"><strong>Ir. Maria In&ecirc;s Ribeiro, mad<\/strong><\/p>\n<p align=\"center\"><strong>Presidente Nacional da CRB<\/strong><\/p>\n<p align=\"center\"><strong>&nbsp;<\/strong><\/p>\n<p align=\"center\"><strong>Assista mensagem do padre Jos&eacute; Fernandes,op<\/strong><\/p>\n<p align=\"center\">&nbsp;<\/p>\n<p align=\"center\"><iframe loading=\"lazy\" src=\"\/\/www.youtube.com\/embed\/llHS6ObFN8g\" width=\"625\" height=\"550\"><\/iframe><\/p>\n","protected":false},"excerpt":{"rendered":"<p>[imagem1] &nbsp; A CRB Nacional realiza de 04 a 06 de junho de 2015 o encontro nacional Justi&ccedil;a, Paz e integridade da Cria&ccedil;&atilde;o. O evento tem como objetivo fortalecer a miss&atilde;o prof&eacute;tica da&#8230;<\/p>\n","protected":false},"author":1,"featured_media":2430,"comment_status":"open","ping_status":"open","sticky":false,"template":"","format":"standard","meta":[],"categories":[1],"tags":[],"_links":{"self":[{"href":"https:\/\/www.salvatorianas.org.br\/blog\/wp-json\/wp\/v2\/posts\/2238"}],"collection":[{"href":"https:\/\/www.salvatorianas.org.br\/blog\/wp-json\/wp\/v2\/posts"}],"about":[{"href":"https:\/\/www.salvatorianas.org.br\/blog\/wp-json\/wp\/v2\/types\/post"}],"author":[{"embeddable":true,"href":"https:\/\/www.salvatorianas.org.br\/blog\/wp-json\/wp\/v2\/users\/1"}],"replies":[{"embeddable":true,"href":"https:\/\/www.salvatorianas.org.br\/blog\/wp-json\/wp\/v2\/comments?post=2238"}],"version-history":[{"count":0,"href":"https:\/\/www.salvatorianas.org.br\/blog\/wp-json\/wp\/v2\/posts\/2238\/revisions"}],"wp:featuredmedia":[{"embeddable":true,"href":"https:\/\/www.salvatorianas.org.br\/blog\/wp-json\/wp\/v2\/media\/2430"}],"wp:attachment":[{"href":"https:\/\/www.salvatorianas.org.br\/blog\/wp-json\/wp\/v2\/media?parent=2238"}],"wp:term":[{"taxonomy":"category","embeddable":true,"href":"https:\/\/www.salvatorianas.org.br\/blog\/wp-json\/wp\/v2\/categories?post=2238"},{"taxonomy":"post_tag","embeddable":true,"href":"https:\/\/www.salvatorianas.org.br\/blog\/wp-json\/wp\/v2\/tags?post=2238"}],"curies":[{"name":"wp","href":"https:\/\/api.w.org\/{rel}","templated":true}]}}