{"id":2235,"date":"2015-04-30T00:00:00","date_gmt":"2015-04-30T00:00:00","guid":{"rendered":"https:\/\/www.salvatorianas.org.br\/blog\/arquidiocese-de-curitiba-emite-nota-de-repudio-a-violencia\/"},"modified":"2015-04-30T00:00:00","modified_gmt":"2015-04-30T00:00:00","slug":"arquidiocese-de-curitiba-emite-nota-de-repudio-a-violencia","status":"publish","type":"post","link":"https:\/\/www.salvatorianas.org.br\/blog\/arquidiocese-de-curitiba-emite-nota-de-repudio-a-violencia\/","title":{"rendered":"Arquidiocese de Curitiba emite nota de rep\u00fadio \u00e0 viol\u00eancia"},"content":{"rendered":"<p style=\"text-align: justify;\">[imagem1]<\/p>\n<p style=\"text-align: justify;\">&nbsp;<\/p>\n<p style=\"text-align: justify;\">Diante dos fatos ocorridos nas proximidades da Assembleia Legislativa do Estado do Paran&aacute;, entre os dias 28 e 29 de abril, a arquidiocese de Curitiba (PR) emitiu nota de rep&uacute;dio &agrave; viol&ecirc;ncia.<\/p>\n<p style=\"text-align: justify;\">&ldquo;A viol&ecirc;ncia, venha de onde vier, &eacute; sempre a pior alternativa: fere-se a liberdade, golpeia-se a dignidade da vida, esvazia-se o princ&iacute;pio democr&aacute;tico, as institui&ccedil;&otilde;es desfiguram-se e os direitos perdem a sua centralidade&rdquo;, expressou a arquidiocese.<\/p>\n<p style=\"text-align: justify;\">&nbsp;<\/p>\n<p style=\"text-align: justify;\">Confira o texto na &iacute;ntegra:<\/p>\n<p style=\"text-align: center;\" align=\"center\"><strong>Nota de Rep&uacute;dio &agrave; Viol&ecirc;ncia<\/strong><\/p>\n<p style=\"text-align: justify;\">&ldquo;Eu vim para que todos tenham vida, e vida em abund&acirc;ncia&rdquo; (Jo 10,10).<\/p>\n<p style=\"text-align: justify;\">A Arquidiocese de Curitiba vem a p&uacute;blico manifestar sua consterna&ccedil;&atilde;o e profundo lamento pelos fatos ocorridos em frente &agrave; Assembleia Legislativa do Estado do Paran&aacute; nestes &uacute;ltimos dois dias (28 e 29 de Abril de 2015) em que se discutia o Projeto de Lei no 252\/2015, que promove mudan&ccedil;as no regime pr&oacute;prio da previd&ecirc;ncia social dos servidores estaduais &ndash; a Paran&aacute; Previd&ecirc;ncia. Testemunhamos com profundo pesar os fatos violentos perpetrados pelas diferentes partes do confronto. A viol&ecirc;ncia, venha de onde vier, &eacute; sempre a pior alternativa: fere-se a liberdade, golpeia-se a dignidade da vida, esvazia-se o princ&iacute;pio democr&aacute;tico, as institui&ccedil;&otilde;es desfiguram-se e os direitos perdem a sua centralidade. Ao final, os advers&aacute;rios do di&aacute;logo s&atilde;o os que mais se aproveitam desta situa&ccedil;&atilde;o de conflito. Hoje, a paz foi derrotada.<\/p>\n<p style=\"text-align: justify;\">Em nome de Jesus Cristo, que chamou sua Igreja a ser serva e testemunha da verdade e da caridade, conclamamos todos os homens e mulheres de boa vontade do Estado do Paran&aacute;, que aqui nesta cidade se encontram, a rejeitarem terminantemente o conflito f&iacute;sico como resposta &agrave;s diferen&ccedil;as de interesses. Somente o di&aacute;logo sadio poder&aacute; nos ajudar a chegarmos a solu&ccedil;&otilde;es justas e equ&acirc;nimes.<\/p>\n<p style=\"text-align: justify;\">Imploramos ao Pr&iacute;ncipe da Paz &ndash; o Senhor Jesus que nos anunciou o Reino de Justi&ccedil;a e de Amor &ndash; que nos envie do c&eacute;u a sua ajuda, a fim de que cheguemos a um consenso reto. &ldquo;Entre a indiferen&ccedil;a ego&iacute;sta e o protesto violento, h&aacute; sempre uma op&ccedil;&atilde;o poss&iacute;vel: o di&aacute;logo&rdquo; (Papa Francisco, JMJ 2013).<\/p>\n<p style=\"text-align: justify;\">Curitiba, 29 de abril de 2015.<\/p>\n<p style=\"text-align: justify;\">Fonte: CNBB<\/p>\n","protected":false},"excerpt":{"rendered":"<p>[imagem1] &nbsp; Diante dos fatos ocorridos nas proximidades da Assembleia Legislativa do Estado do Paran&aacute;, entre os dias 28 e 29 de abril, a arquidiocese de Curitiba (PR) emitiu nota de rep&uacute;dio &agrave;&#8230;<\/p>\n","protected":false},"author":1,"featured_media":2401,"comment_status":"open","ping_status":"open","sticky":false,"template":"","format":"standard","meta":[],"categories":[1],"tags":[],"_links":{"self":[{"href":"https:\/\/www.salvatorianas.org.br\/blog\/wp-json\/wp\/v2\/posts\/2235"}],"collection":[{"href":"https:\/\/www.salvatorianas.org.br\/blog\/wp-json\/wp\/v2\/posts"}],"about":[{"href":"https:\/\/www.salvatorianas.org.br\/blog\/wp-json\/wp\/v2\/types\/post"}],"author":[{"embeddable":true,"href":"https:\/\/www.salvatorianas.org.br\/blog\/wp-json\/wp\/v2\/users\/1"}],"replies":[{"embeddable":true,"href":"https:\/\/www.salvatorianas.org.br\/blog\/wp-json\/wp\/v2\/comments?post=2235"}],"version-history":[{"count":0,"href":"https:\/\/www.salvatorianas.org.br\/blog\/wp-json\/wp\/v2\/posts\/2235\/revisions"}],"wp:featuredmedia":[{"embeddable":true,"href":"https:\/\/www.salvatorianas.org.br\/blog\/wp-json\/wp\/v2\/media\/2401"}],"wp:attachment":[{"href":"https:\/\/www.salvatorianas.org.br\/blog\/wp-json\/wp\/v2\/media?parent=2235"}],"wp:term":[{"taxonomy":"category","embeddable":true,"href":"https:\/\/www.salvatorianas.org.br\/blog\/wp-json\/wp\/v2\/categories?post=2235"},{"taxonomy":"post_tag","embeddable":true,"href":"https:\/\/www.salvatorianas.org.br\/blog\/wp-json\/wp\/v2\/tags?post=2235"}],"curies":[{"name":"wp","href":"https:\/\/api.w.org\/{rel}","templated":true}]}}